{"id":517,"date":"2015-01-03T17:46:32","date_gmt":"2015-01-03T17:46:32","guid":{"rendered":"http:\/\/martinobuzzi.com\/blog\/?p=517"},"modified":"2015-01-03T17:48:31","modified_gmt":"2015-01-03T17:48:31","slug":"luces-y-sombras-madrilenas","status":"publish","type":"post","link":"http:\/\/martinobuzzi.com\/blog\/luces-y-sombras-madrilenas\/","title":{"rendered":"Luces y Sombras Madrile\u00f1as"},"content":{"rendered":"<p>He vuelto a Madrid. Esta vez con Flo. Nos fuimos los d\u00f3s por unos tres d\u00edas en el mes de Diciembre. Descubrimos el palacio de vidrio con el jard\u00edn bot\u00e1nico y dimos un paseo en bici en el parque del rio entre varias cosas. Estas son unas fotos que hice con la nikon D300 y que me apetece compartir. <\/p>\n<p>Espero os gusten. Ser felices y disfutar del nuevo a\u00f1o!<\/p>\n<p><img src=\"http:\/\/martinobuzzi.com\/blog\/wp-content\/uploads\/2015\/01\/DSC_6241.jpg\" alt=\"madrid\" title=\"luces y sombras\"\/><br \/>\n<img src=\"http:\/\/martinobuzzi.com\/blog\/wp-content\/uploads\/2015\/01\/DSC_6256.jpg\" alt=\"madrid\" title=\"luces y sombras\"\/><br \/>\n<img src=\"http:\/\/martinobuzzi.com\/blog\/wp-content\/uploads\/2015\/01\/DSC_6259.jpg\" alt=\"madrid\" title=\"luces y sombras\"\/><br \/>\n<img src=\"http:\/\/martinobuzzi.com\/blog\/wp-content\/uploads\/2015\/01\/DSC_6270.jpg\" alt=\"madrid\" title=\"luces y sombras\"\/><br \/>\n<img src=\"http:\/\/martinobuzzi.com\/blog\/wp-content\/uploads\/2015\/01\/DSC_6274.jpg\" alt=\"madrid\" title=\"luces y sombras\"\/><br \/>\n<img src=\"http:\/\/martinobuzzi.com\/blog\/wp-content\/uploads\/2015\/01\/DSC_6278.jpg\" alt=\"madrid\" title=\"luces y sombras\"\/><br \/>\n<img src=\"http:\/\/martinobuzzi.com\/blog\/wp-content\/uploads\/2015\/01\/DSC_6284.jpg\" alt=\"madrid\" title=\"luces y sombras\"\/><br \/>\n<img src=\"http:\/\/martinobuzzi.com\/blog\/wp-content\/uploads\/2015\/01\/DSC_6286.jpg\" alt=\"madrid\" title=\"luces y sombras\"\/><br \/>\n<img src=\"http:\/\/martinobuzzi.com\/blog\/wp-content\/uploads\/2015\/01\/DSC_6288.jpg\" alt=\"madrid\" title=\"luces y sombras\"\/><br \/>\n<img src=\"http:\/\/martinobuzzi.com\/blog\/wp-content\/uploads\/2015\/01\/DSC_6300.jpg\" alt=\"madrid\" title=\"luces y sombras\"\/><br \/>\n<img src=\"http:\/\/martinobuzzi.com\/blog\/wp-content\/uploads\/2015\/01\/DSC_6317.jpg\" alt=\"madrid\" title=\"luces y sombras\"\/><br \/>\n<img src=\"http:\/\/martinobuzzi.com\/blog\/wp-content\/uploads\/2015\/01\/DSC_6345.jpg\" alt=\"madrid\" title=\"luces y sombras\"\/><br \/>\n<img src=\"http:\/\/martinobuzzi.com\/blog\/wp-content\/uploads\/2015\/01\/DSC_6370.jpg\" alt=\"madrid\" title=\"luces y sombras\"\/><br \/>\n<img src=\"http:\/\/martinobuzzi.com\/blog\/wp-content\/uploads\/2015\/01\/DSC_6376.jpg\" alt=\"madrid\" title=\"luces y sombras\"\/><br \/>\n<img src=\"http:\/\/martinobuzzi.com\/blog\/wp-content\/uploads\/2015\/01\/DSC_6371.jpg\" alt=\"madrid\" title=\"luces y sombras\"\/><br \/>\n<img src=\"http:\/\/martinobuzzi.com\/blog\/wp-content\/uploads\/2015\/01\/DSC_6392.jpg\" alt=\"madrid\" title=\"luces y sombras\"\/><br \/>\n<img src=\"http:\/\/martinobuzzi.com\/blog\/wp-content\/uploads\/2015\/01\/DSC_6432.jpg\" alt=\"madrid\" title=\"luces y sombras\"\/><br \/>\n<img src=\"http:\/\/martinobuzzi.com\/blog\/wp-content\/uploads\/2015\/01\/DSC_6436.jpg\" alt=\"madrid\" title=\"luces y sombras\"\/><\/p>\n","protected":false},"excerpt":{"rendered":"<p>He vuelto a Madrid. Esta vez con Flo. Nos fuimos los d\u00f3s por unos tres d\u00edas en el mes de Diciembre. Descubrimos el palacio de vidrio con el jard\u00edn bot\u00e1nico y dimos un paseo en bici en el parque del rio entre varias cosas. Estas son unas fotos que hice con la nikon D300 y [&hellip;]<\/p>\n","protected":false},"author":1,"featured_media":536,"comment_status":"open","ping_status":"open","sticky":false,"template":"","format":"standard","meta":[],"categories":[9],"tags":[],"_links":{"self":[{"href":"http:\/\/martinobuzzi.com\/blog\/wp-json\/wp\/v2\/posts\/517"}],"collection":[{"href":"http:\/\/martinobuzzi.com\/blog\/wp-json\/wp\/v2\/posts"}],"about":[{"href":"http:\/\/martinobuzzi.com\/blog\/wp-json\/wp\/v2\/types\/post"}],"author":[{"embeddable":true,"href":"http:\/\/martinobuzzi.com\/blog\/wp-json\/wp\/v2\/users\/1"}],"replies":[{"embeddable":true,"href":"http:\/\/martinobuzzi.com\/blog\/wp-json\/wp\/v2\/comments?post=517"}],"version-history":[{"count":2,"href":"http:\/\/martinobuzzi.com\/blog\/wp-json\/wp\/v2\/posts\/517\/revisions"}],"predecessor-version":[{"id":537,"href":"http:\/\/martinobuzzi.com\/blog\/wp-json\/wp\/v2\/posts\/517\/revisions\/537"}],"wp:featuredmedia":[{"embeddable":true,"href":"http:\/\/martinobuzzi.com\/blog\/wp-json\/wp\/v2\/media\/536"}],"wp:attachment":[{"href":"http:\/\/martinobuzzi.com\/blog\/wp-json\/wp\/v2\/media?parent=517"}],"wp:term":[{"taxonomy":"category","embeddable":true,"href":"http:\/\/martinobuzzi.com\/blog\/wp-json\/wp\/v2\/categories?post=517"},{"taxonomy":"post_tag","embeddable":true,"href":"http:\/\/martinobuzzi.com\/blog\/wp-json\/wp\/v2\/tags?post=517"}],"curies":[{"name":"wp","href":"https:\/\/api.w.org\/{rel}","templated":true}]}}