{"id":5,"date":"2012-02-06T17:27:09","date_gmt":"2012-02-06T17:27:09","guid":{"rendered":"http:\/\/martinobuzzi.com\/blog\/?p=5"},"modified":"2012-02-14T18:28:19","modified_gmt":"2012-02-14T18:28:19","slug":"reportaje-en-el-desierto-del-sahara","status":"publish","type":"post","link":"http:\/\/martinobuzzi.com\/blog\/reportaje-en-el-desierto-del-sahara\/","title":{"rendered":"Reportaje en el desierto del Sahara"},"content":{"rendered":"<p>En 2009 tuve la ocasi\u00f3n de visitar los campos de refugiados Saharaui en Algeria. Fui durante una sem\u00e1na, junto con dos compa\u00f1eros con los cuales realizamos el documental &#8220;Meta compartida&#8221;. El documental es la historia de dos deportistas de la Comunidad Valenciana que viajan a los campamentos Saharaui para participar en el Sahara Marathon.<\/p>\n<p>Durante la estancia he vivido con un a familia de Saharaui que nos ha ospitado y he podido realizar algunas fotos. Todas las fotos han sido captadas con pel\u00edcula analogica y una Leica.<\/p>\n<p><img loading=\"lazy\" class=\"pp-insert-all size-full aligncenter\" src=\"http:\/\/martinobuzzi.com\/blog\/wp-content\/uploads\/2012\/02\/4744-32.jpg\" alt=\"\" width=\"800\" height=\"546\" \/><img loading=\"lazy\" class=\"pp-insert-all size-full aligncenter\" src=\"http:\/\/martinobuzzi.com\/blog\/wp-content\/uploads\/2012\/02\/4744-35.jpg\" alt=\"\" width=\"800\" height=\"537\" \/><img loading=\"lazy\" class=\"pp-insert-all size-full aligncenter\" src=\"http:\/\/martinobuzzi.com\/blog\/wp-content\/uploads\/2012\/02\/4745-18.jpg\" alt=\"\" width=\"800\" height=\"533\" \/><img loading=\"lazy\" class=\"pp-insert-all size-full aligncenter\" src=\"http:\/\/martinobuzzi.com\/blog\/wp-content\/uploads\/2012\/02\/4745-35.jpg\" alt=\"\" width=\"800\" height=\"562\" \/><img loading=\"lazy\" class=\"pp-insert-all size-full aligncenter\" src=\"http:\/\/martinobuzzi.com\/blog\/wp-content\/uploads\/2012\/02\/4746-10.jpg\" alt=\"\" width=\"800\" height=\"543\" \/><img loading=\"lazy\" class=\"pp-insert-all size-full aligncenter\" src=\"http:\/\/martinobuzzi.com\/blog\/wp-content\/uploads\/2012\/02\/4746-30.jpg\" alt=\"\" width=\"411\" height=\"600\" \/><img loading=\"lazy\" class=\"pp-insert-all size-full aligncenter\" src=\"http:\/\/martinobuzzi.com\/blog\/wp-content\/uploads\/2012\/02\/4747-5.jpg\" alt=\"\" width=\"800\" height=\"546\" \/><img loading=\"lazy\" class=\"pp-insert-all size-full aligncenter\" src=\"http:\/\/martinobuzzi.com\/blog\/wp-content\/uploads\/2012\/02\/4747-6.jpg\" alt=\"\" width=\"419\" height=\"600\" \/><img loading=\"lazy\" class=\"pp-insert-all size-full aligncenter\" src=\"http:\/\/martinobuzzi.com\/blog\/wp-content\/uploads\/2012\/02\/4747-33.jpg\" alt=\"\" width=\"800\" height=\"533\" \/><img loading=\"lazy\" class=\"pp-insert-all size-full aligncenter\" src=\"http:\/\/martinobuzzi.com\/blog\/wp-content\/uploads\/2012\/02\/4748-29.jpg\" alt=\"\" width=\"399\" height=\"600\" \/><img loading=\"lazy\" class=\"pp-insert-all size-full aligncenter\" src=\"http:\/\/martinobuzzi.com\/blog\/wp-content\/uploads\/2012\/02\/4752-12.jpg\" alt=\"\" width=\"400\" height=\"600\" \/><img loading=\"lazy\" class=\"pp-insert-all size-full aligncenter\" src=\"http:\/\/martinobuzzi.com\/blog\/wp-content\/uploads\/2012\/02\/4752-29.jpg\" alt=\"\" width=\"400\" height=\"600\" \/><img loading=\"lazy\" class=\"pp-insert-all size-full aligncenter\" src=\"http:\/\/martinobuzzi.com\/blog\/wp-content\/uploads\/2012\/02\/4753-16.jpg\" alt=\"\" width=\"400\" height=\"600\" \/><img loading=\"lazy\" class=\"pp-insert-all size-full aligncenter\" src=\"http:\/\/martinobuzzi.com\/blog\/wp-content\/uploads\/2012\/02\/4754-13.jpg\" alt=\"\" width=\"800\" height=\"543\" \/><img loading=\"lazy\" class=\"pp-insert-all size-full aligncenter\" src=\"http:\/\/martinobuzzi.com\/blog\/wp-content\/uploads\/2012\/02\/4754-24.jpg\" alt=\"\" width=\"800\" height=\"554\" \/><img loading=\"lazy\" class=\"pp-insert-all size-full aligncenter\" src=\"http:\/\/martinobuzzi.com\/blog\/wp-content\/uploads\/2012\/02\/4754-25.jpg\" alt=\"\" width=\"800\" height=\"548\" \/><img loading=\"lazy\" class=\"pp-insert-all size-full aligncenter\" src=\"http:\/\/martinobuzzi.com\/blog\/wp-content\/uploads\/2012\/02\/4754-28.jpg\" alt=\"\" width=\"800\" height=\"559\" \/><img loading=\"lazy\" class=\"pp-insert-all size-full aligncenter\" src=\"http:\/\/martinobuzzi.com\/blog\/wp-content\/uploads\/2012\/02\/4754-30.jpg\" alt=\"\" width=\"800\" height=\"554\" \/><\/p>\n<p>&nbsp;<\/p>\n<p>&nbsp;<\/p>\n","protected":false},"excerpt":{"rendered":"<p>En 2009 tuve la ocasi\u00f3n de visitar los campos de refugiados Saharaui en Algeria. Fui durante una sem\u00e1na, junto con dos compa\u00f1eros con los cuales realizamos el documental &#8220;Meta compartida&#8221;. El documental es la historia de dos deportistas de la Comunidad Valenciana que viajan a los campamentos Saharaui para participar en el Sahara Marathon. Durante [&hellip;]<\/p>\n","protected":false},"author":1,"featured_media":81,"comment_status":"open","ping_status":"open","sticky":false,"template":"","format":"standard","meta":[],"categories":[1],"tags":[8],"_links":{"self":[{"href":"http:\/\/martinobuzzi.com\/blog\/wp-json\/wp\/v2\/posts\/5"}],"collection":[{"href":"http:\/\/martinobuzzi.com\/blog\/wp-json\/wp\/v2\/posts"}],"about":[{"href":"http:\/\/martinobuzzi.com\/blog\/wp-json\/wp\/v2\/types\/post"}],"author":[{"embeddable":true,"href":"http:\/\/martinobuzzi.com\/blog\/wp-json\/wp\/v2\/users\/1"}],"replies":[{"embeddable":true,"href":"http:\/\/martinobuzzi.com\/blog\/wp-json\/wp\/v2\/comments?post=5"}],"version-history":[{"count":4,"href":"http:\/\/martinobuzzi.com\/blog\/wp-json\/wp\/v2\/posts\/5\/revisions"}],"predecessor-version":[{"id":123,"href":"http:\/\/martinobuzzi.com\/blog\/wp-json\/wp\/v2\/posts\/5\/revisions\/123"}],"wp:featuredmedia":[{"embeddable":true,"href":"http:\/\/martinobuzzi.com\/blog\/wp-json\/wp\/v2\/media\/81"}],"wp:attachment":[{"href":"http:\/\/martinobuzzi.com\/blog\/wp-json\/wp\/v2\/media?parent=5"}],"wp:term":[{"taxonomy":"category","embeddable":true,"href":"http:\/\/martinobuzzi.com\/blog\/wp-json\/wp\/v2\/categories?post=5"},{"taxonomy":"post_tag","embeddable":true,"href":"http:\/\/martinobuzzi.com\/blog\/wp-json\/wp\/v2\/tags?post=5"}],"curies":[{"name":"wp","href":"https:\/\/api.w.org\/{rel}","templated":true}]}}