{"id":1466,"date":"2024-11-02T16:23:23","date_gmt":"2024-11-02T16:23:23","guid":{"rendered":"https:\/\/martinobuzzi.com\/blog\/?p=1466"},"modified":"2024-11-02T16:23:25","modified_gmt":"2024-11-02T16:23:25","slug":"tragedia-climatica-inundacion-por-dana-en-valencia","status":"publish","type":"post","link":"http:\/\/martinobuzzi.com\/blog\/tragedia-climatica-inundacion-por-dana-en-valencia\/","title":{"rendered":"Tragedia clim\u00e1tica: Inundaci\u00f3n por Dana en Valencia"},"content":{"rendered":"\n<p><\/p>\n\n\n\n<p>El 30 de octubre de 2024, Valencia sufri\u00f3 una inundaci\u00f3n devastadora debido a una DANA (Depresi\u00f3n Aislada en Niveles Altos), que provoc\u00f3 lluvias torrenciales en la regi\u00f3n. Municipios como Bu\u00f1ol, Chera, Cheste, Tur\u00eds y Chiva registraron m\u00e1s de 400 litros por metro cuadrado en un solo d\u00eda, equivalente a la precipitaci\u00f3n anual de estas zonas. <\/p>\n\n\n\n<p>Esta cantidad de agua satur\u00f3 r\u00e1pidamente los cauces de r\u00edos y barrancos, desbord\u00e1ndolos y causando inundaciones en m\u00faltiples localidades. La rambla del Poyo, por ejemplo, experiment\u00f3 una crecida significativa que derrumb\u00f3 un puente en Pica\u00f1a. La intensidad y rapidez de las lluvias superaron la capacidad de respuesta de los sistemas de emergencia, resultando en da\u00f1os materiales considerables y numerosas v\u00edctimas mortales.<\/p>\n\n\n\n<p>Por desgracia,&nbsp;<strong>el cambio clim\u00e1tico es esto: la intensificaci\u00f3n de fen\u00f3menos meteorol\u00f3gicos extremos como el que ha ocurrido en la zona de Valencia, con un nivel de destrucci\u00f3n cada vez mayor<\/strong>. Ignorar que estamos traspasando estos l\u00edmites planetarios provoca muertes que no nos podemos permitir, ni una m\u00e1s.<\/p>\n\n\n\n<p>Mientras la sociedad sufre las dram\u00e1ticas consecuencias de la emergencia clim\u00e1tica, las empresas que basan su negocio en los combustibles f\u00f3siles \u2015principales causantes de la crisis clim\u00e1tica\u2015 se siguen lucrando y contin\u00faan presionando en contra de la ambici\u00f3n clim\u00e1tica y para eludir su responsabilidad.<\/p>\n\n\n\n<div style=\"height:100px\" aria-hidden=\"true\" class=\"wp-block-spacer\"><\/div>\n\n\n\n<figure class=\"wp-block-gallery has-nested-images columns-default\">\n<figure class=\"wp-block-image size-large\"><a href=\"https:\/\/martinobuzzi.com\/blog\/wp-content\/uploads\/2024\/11\/042-dana-inundacion-riada-valencia-2024-L2100995.jpg\"><img loading=\"lazy\" width=\"1203\" height=\"1800\" data-id=\"1540\"  src=\"http:\/\/martinobuzzi.com\/blog\/wp-content\/uploads\/2024\/11\/042-dana-inundacion-riada-valencia-2024-L2100995.jpg\" alt=\"\" class=\"wp-image-1540\" srcset=\"http:\/\/martinobuzzi.com\/blog\/wp-content\/uploads\/2024\/11\/042-dana-inundacion-riada-valencia-2024-L2100995.jpg 1203w, http:\/\/martinobuzzi.com\/blog\/wp-content\/uploads\/2024\/11\/042-dana-inundacion-riada-valencia-2024-L2100995-201x300.jpg 201w, http:\/\/martinobuzzi.com\/blog\/wp-content\/uploads\/2024\/11\/042-dana-inundacion-riada-valencia-2024-L2100995-602x900.jpg 602w, http:\/\/martinobuzzi.com\/blog\/wp-content\/uploads\/2024\/11\/042-dana-inundacion-riada-valencia-2024-L2100995-768x1149.jpg 768w, http:\/\/martinobuzzi.com\/blog\/wp-content\/uploads\/2024\/11\/042-dana-inundacion-riada-valencia-2024-L2100995-1027x1536.jpg 1027w\" sizes=\"(max-width: 1203px) 100vw, 1203px\" \/><\/a><figcaption>Una voluntaria en Paiporta<\/figcaption><\/figure>\n\n\n\n<figure class=\"wp-block-image size-large\"><a href=\"https:\/\/martinobuzzi.com\/blog\/wp-content\/uploads\/2024\/11\/040-dana-inundacion-riada-valencia-2024-L2100967.jpg\"><img loading=\"lazy\" width=\"1203\" height=\"1800\" data-id=\"1538\"  src=\"http:\/\/martinobuzzi.com\/blog\/wp-content\/uploads\/2024\/11\/040-dana-inundacion-riada-valencia-2024-L2100967.jpg\" alt=\"\" class=\"wp-image-1538\" srcset=\"http:\/\/martinobuzzi.com\/blog\/wp-content\/uploads\/2024\/11\/040-dana-inundacion-riada-valencia-2024-L2100967.jpg 1203w, http:\/\/martinobuzzi.com\/blog\/wp-content\/uploads\/2024\/11\/040-dana-inundacion-riada-valencia-2024-L2100967-201x300.jpg 201w, http:\/\/martinobuzzi.com\/blog\/wp-content\/uploads\/2024\/11\/040-dana-inundacion-riada-valencia-2024-L2100967-602x900.jpg 602w, http:\/\/martinobuzzi.com\/blog\/wp-content\/uploads\/2024\/11\/040-dana-inundacion-riada-valencia-2024-L2100967-768x1149.jpg 768w, http:\/\/martinobuzzi.com\/blog\/wp-content\/uploads\/2024\/11\/040-dana-inundacion-riada-valencia-2024-L2100967-1027x1536.jpg 1027w\" sizes=\"(max-width: 1203px) 100vw, 1203px\" \/><\/a><figcaption>La fuerza de la riada ha destruido miles de coches<\/figcaption><\/figure>\n\n\n\n<figure class=\"wp-block-image size-large\"><a href=\"https:\/\/martinobuzzi.com\/blog\/wp-content\/uploads\/2024\/11\/039-dana-inundacion-riada-valencia-2024-L2100966.jpg\"><img loading=\"lazy\" width=\"1203\" height=\"1800\" data-id=\"1537\"  src=\"http:\/\/martinobuzzi.com\/blog\/wp-content\/uploads\/2024\/11\/039-dana-inundacion-riada-valencia-2024-L2100966.jpg\" alt=\"\" class=\"wp-image-1537\" srcset=\"http:\/\/martinobuzzi.com\/blog\/wp-content\/uploads\/2024\/11\/039-dana-inundacion-riada-valencia-2024-L2100966.jpg 1203w, http:\/\/martinobuzzi.com\/blog\/wp-content\/uploads\/2024\/11\/039-dana-inundacion-riada-valencia-2024-L2100966-201x300.jpg 201w, http:\/\/martinobuzzi.com\/blog\/wp-content\/uploads\/2024\/11\/039-dana-inundacion-riada-valencia-2024-L2100966-602x900.jpg 602w, http:\/\/martinobuzzi.com\/blog\/wp-content\/uploads\/2024\/11\/039-dana-inundacion-riada-valencia-2024-L2100966-768x1149.jpg 768w, http:\/\/martinobuzzi.com\/blog\/wp-content\/uploads\/2024\/11\/039-dana-inundacion-riada-valencia-2024-L2100966-1027x1536.jpg 1027w\" sizes=\"(max-width: 1203px) 100vw, 1203px\" \/><\/a><figcaption>Restos sacado de las casas inundadas<\/figcaption><\/figure>\n\n\n\n<figure class=\"wp-block-image size-large\"><a href=\"https:\/\/martinobuzzi.com\/blog\/wp-content\/uploads\/2024\/11\/041-dana-inundacion-riada-valencia-2024-L2100981.jpg\"><img loading=\"lazy\" width=\"1203\" height=\"1800\" data-id=\"1539\"  src=\"http:\/\/martinobuzzi.com\/blog\/wp-content\/uploads\/2024\/11\/041-dana-inundacion-riada-valencia-2024-L2100981.jpg\" alt=\"\" class=\"wp-image-1539\" srcset=\"http:\/\/martinobuzzi.com\/blog\/wp-content\/uploads\/2024\/11\/041-dana-inundacion-riada-valencia-2024-L2100981.jpg 1203w, http:\/\/martinobuzzi.com\/blog\/wp-content\/uploads\/2024\/11\/041-dana-inundacion-riada-valencia-2024-L2100981-201x300.jpg 201w, http:\/\/martinobuzzi.com\/blog\/wp-content\/uploads\/2024\/11\/041-dana-inundacion-riada-valencia-2024-L2100981-602x900.jpg 602w, http:\/\/martinobuzzi.com\/blog\/wp-content\/uploads\/2024\/11\/041-dana-inundacion-riada-valencia-2024-L2100981-768x1149.jpg 768w, http:\/\/martinobuzzi.com\/blog\/wp-content\/uploads\/2024\/11\/041-dana-inundacion-riada-valencia-2024-L2100981-1027x1536.jpg 1027w\" sizes=\"(max-width: 1203px) 100vw, 1203px\" \/><\/a><figcaption>Trabajos de los voluntarios<\/figcaption><\/figure>\n\n\n\n<figure class=\"wp-block-image size-large\"><a href=\"https:\/\/martinobuzzi.com\/blog\/wp-content\/uploads\/2024\/11\/036-dana-inundacion-riada-valencia-2024-L2100942.jpg\"><img loading=\"lazy\" width=\"1203\" height=\"1800\" data-id=\"1534\"  src=\"http:\/\/martinobuzzi.com\/blog\/wp-content\/uploads\/2024\/11\/036-dana-inundacion-riada-valencia-2024-L2100942.jpg\" alt=\"\" class=\"wp-image-1534\" srcset=\"http:\/\/martinobuzzi.com\/blog\/wp-content\/uploads\/2024\/11\/036-dana-inundacion-riada-valencia-2024-L2100942.jpg 1203w, http:\/\/martinobuzzi.com\/blog\/wp-content\/uploads\/2024\/11\/036-dana-inundacion-riada-valencia-2024-L2100942-201x300.jpg 201w, http:\/\/martinobuzzi.com\/blog\/wp-content\/uploads\/2024\/11\/036-dana-inundacion-riada-valencia-2024-L2100942-602x900.jpg 602w, http:\/\/martinobuzzi.com\/blog\/wp-content\/uploads\/2024\/11\/036-dana-inundacion-riada-valencia-2024-L2100942-768x1149.jpg 768w, http:\/\/martinobuzzi.com\/blog\/wp-content\/uploads\/2024\/11\/036-dana-inundacion-riada-valencia-2024-L2100942-1027x1536.jpg 1027w\" sizes=\"(max-width: 1203px) 100vw, 1203px\" \/><\/a><figcaption>Limpiando en la entrada de la Iglesia de Parroquia de Sant Ramon Nonat en Piporta<\/figcaption><\/figure>\n\n\n\n<figure class=\"wp-block-image size-large\"><a href=\"https:\/\/martinobuzzi.com\/blog\/wp-content\/uploads\/2024\/11\/037-dana-inundacion-riada-valencia-2024-L2100889.jpg\"><img loading=\"lazy\" width=\"1203\" height=\"1800\" data-id=\"1535\"  src=\"http:\/\/martinobuzzi.com\/blog\/wp-content\/uploads\/2024\/11\/037-dana-inundacion-riada-valencia-2024-L2100889.jpg\" alt=\"\" class=\"wp-image-1535\" srcset=\"http:\/\/martinobuzzi.com\/blog\/wp-content\/uploads\/2024\/11\/037-dana-inundacion-riada-valencia-2024-L2100889.jpg 1203w, http:\/\/martinobuzzi.com\/blog\/wp-content\/uploads\/2024\/11\/037-dana-inundacion-riada-valencia-2024-L2100889-201x300.jpg 201w, http:\/\/martinobuzzi.com\/blog\/wp-content\/uploads\/2024\/11\/037-dana-inundacion-riada-valencia-2024-L2100889-602x900.jpg 602w, http:\/\/martinobuzzi.com\/blog\/wp-content\/uploads\/2024\/11\/037-dana-inundacion-riada-valencia-2024-L2100889-768x1149.jpg 768w, http:\/\/martinobuzzi.com\/blog\/wp-content\/uploads\/2024\/11\/037-dana-inundacion-riada-valencia-2024-L2100889-1027x1536.jpg 1027w\" sizes=\"(max-width: 1203px) 100vw, 1203px\" \/><\/a><figcaption>Una voluntaria en la zona del desastre<\/figcaption><\/figure>\n\n\n\n<figure class=\"wp-block-image size-full\"><a href=\"https:\/\/martinobuzzi.com\/blog\/wp-content\/uploads\/2024\/11\/030-dana-inundacion-riada-valencia-2024-L2100822.jpg\"><img loading=\"lazy\" width=\"1203\" height=\"1800\" data-id=\"1528\"  src=\"https:\/\/martinobuzzi.com\/blog\/wp-content\/uploads\/2024\/11\/030-dana-inundacion-riada-valencia-2024-L2100822.jpg\" alt=\"\" class=\"wp-image-1528\" srcset=\"http:\/\/martinobuzzi.com\/blog\/wp-content\/uploads\/2024\/11\/030-dana-inundacion-riada-valencia-2024-L2100822.jpg 1203w, http:\/\/martinobuzzi.com\/blog\/wp-content\/uploads\/2024\/11\/030-dana-inundacion-riada-valencia-2024-L2100822-201x300.jpg 201w, http:\/\/martinobuzzi.com\/blog\/wp-content\/uploads\/2024\/11\/030-dana-inundacion-riada-valencia-2024-L2100822-602x900.jpg 602w, http:\/\/martinobuzzi.com\/blog\/wp-content\/uploads\/2024\/11\/030-dana-inundacion-riada-valencia-2024-L2100822-768x1149.jpg 768w, http:\/\/martinobuzzi.com\/blog\/wp-content\/uploads\/2024\/11\/030-dana-inundacion-riada-valencia-2024-L2100822-1027x1536.jpg 1027w\" sizes=\"(max-width: 1203px) 100vw, 1203px\" \/><\/a><figcaption>QUien lo ha perdido todo<\/figcaption><\/figure>\n\n\n\n<figure class=\"wp-block-image size-large\"><a href=\"https:\/\/martinobuzzi.com\/blog\/wp-content\/uploads\/2024\/11\/038-dana-inundacion-riada-valencia-2024-L2100908.jpg\"><img loading=\"lazy\" width=\"1203\" height=\"1800\" data-id=\"1536\"  src=\"http:\/\/martinobuzzi.com\/blog\/wp-content\/uploads\/2024\/11\/038-dana-inundacion-riada-valencia-2024-L2100908.jpg\" alt=\"\" class=\"wp-image-1536\" srcset=\"http:\/\/martinobuzzi.com\/blog\/wp-content\/uploads\/2024\/11\/038-dana-inundacion-riada-valencia-2024-L2100908.jpg 1203w, http:\/\/martinobuzzi.com\/blog\/wp-content\/uploads\/2024\/11\/038-dana-inundacion-riada-valencia-2024-L2100908-201x300.jpg 201w, http:\/\/martinobuzzi.com\/blog\/wp-content\/uploads\/2024\/11\/038-dana-inundacion-riada-valencia-2024-L2100908-602x900.jpg 602w, http:\/\/martinobuzzi.com\/blog\/wp-content\/uploads\/2024\/11\/038-dana-inundacion-riada-valencia-2024-L2100908-768x1149.jpg 768w, http:\/\/martinobuzzi.com\/blog\/wp-content\/uploads\/2024\/11\/038-dana-inundacion-riada-valencia-2024-L2100908-1027x1536.jpg 1027w\" sizes=\"(max-width: 1203px) 100vw, 1203px\" \/><\/a><figcaption>El barro y el agua han destruido todo<\/figcaption><\/figure>\n\n\n\n<figure class=\"wp-block-image size-large\"><a href=\"https:\/\/martinobuzzi.com\/blog\/wp-content\/uploads\/2024\/11\/035-dana-inundacion-riada-valencia-2024-L2100925.jpg\"><img loading=\"lazy\" width=\"1203\" height=\"1800\" data-id=\"1533\"  src=\"http:\/\/martinobuzzi.com\/blog\/wp-content\/uploads\/2024\/11\/035-dana-inundacion-riada-valencia-2024-L2100925.jpg\" alt=\"\" class=\"wp-image-1533\" srcset=\"http:\/\/martinobuzzi.com\/blog\/wp-content\/uploads\/2024\/11\/035-dana-inundacion-riada-valencia-2024-L2100925.jpg 1203w, http:\/\/martinobuzzi.com\/blog\/wp-content\/uploads\/2024\/11\/035-dana-inundacion-riada-valencia-2024-L2100925-201x300.jpg 201w, http:\/\/martinobuzzi.com\/blog\/wp-content\/uploads\/2024\/11\/035-dana-inundacion-riada-valencia-2024-L2100925-602x900.jpg 602w, http:\/\/martinobuzzi.com\/blog\/wp-content\/uploads\/2024\/11\/035-dana-inundacion-riada-valencia-2024-L2100925-768x1149.jpg 768w, http:\/\/martinobuzzi.com\/blog\/wp-content\/uploads\/2024\/11\/035-dana-inundacion-riada-valencia-2024-L2100925-1027x1536.jpg 1027w\" sizes=\"(max-width: 1203px) 100vw, 1203px\" \/><\/a><figcaption>En una plaza de Paiporta<\/figcaption><\/figure>\n\n\n\n<figure class=\"wp-block-image size-large\"><a href=\"https:\/\/martinobuzzi.com\/blog\/wp-content\/uploads\/2024\/11\/034-dana-inundacion-riada-valencia-2024-L2100909.jpg\"><img loading=\"lazy\" width=\"1800\" height=\"1203\" data-id=\"1532\"  src=\"http:\/\/martinobuzzi.com\/blog\/wp-content\/uploads\/2024\/11\/034-dana-inundacion-riada-valencia-2024-L2100909.jpg\" alt=\"\" class=\"wp-image-1532\" srcset=\"http:\/\/martinobuzzi.com\/blog\/wp-content\/uploads\/2024\/11\/034-dana-inundacion-riada-valencia-2024-L2100909.jpg 1800w, http:\/\/martinobuzzi.com\/blog\/wp-content\/uploads\/2024\/11\/034-dana-inundacion-riada-valencia-2024-L2100909-300x201.jpg 300w, http:\/\/martinobuzzi.com\/blog\/wp-content\/uploads\/2024\/11\/034-dana-inundacion-riada-valencia-2024-L2100909-900x602.jpg 900w, http:\/\/martinobuzzi.com\/blog\/wp-content\/uploads\/2024\/11\/034-dana-inundacion-riada-valencia-2024-L2100909-768x513.jpg 768w, http:\/\/martinobuzzi.com\/blog\/wp-content\/uploads\/2024\/11\/034-dana-inundacion-riada-valencia-2024-L2100909-1536x1027.jpg 1536w\" sizes=\"(max-width: 1800px) 100vw, 1800px\" \/><\/a><figcaption>La fuerza del agua destruye todo a su paso<\/figcaption><\/figure>\n\n\n\n<figure class=\"wp-block-image size-large\"><a href=\"https:\/\/martinobuzzi.com\/blog\/wp-content\/uploads\/2024\/11\/032-dana-inundacion-riada-valencia-2024-L2100861.jpg\"><img loading=\"lazy\" width=\"1800\" height=\"1203\" data-id=\"1530\"  src=\"http:\/\/martinobuzzi.com\/blog\/wp-content\/uploads\/2024\/11\/032-dana-inundacion-riada-valencia-2024-L2100861.jpg\" alt=\"\" class=\"wp-image-1530\" srcset=\"http:\/\/martinobuzzi.com\/blog\/wp-content\/uploads\/2024\/11\/032-dana-inundacion-riada-valencia-2024-L2100861.jpg 1800w, http:\/\/martinobuzzi.com\/blog\/wp-content\/uploads\/2024\/11\/032-dana-inundacion-riada-valencia-2024-L2100861-300x201.jpg 300w, http:\/\/martinobuzzi.com\/blog\/wp-content\/uploads\/2024\/11\/032-dana-inundacion-riada-valencia-2024-L2100861-900x602.jpg 900w, http:\/\/martinobuzzi.com\/blog\/wp-content\/uploads\/2024\/11\/032-dana-inundacion-riada-valencia-2024-L2100861-768x513.jpg 768w, http:\/\/martinobuzzi.com\/blog\/wp-content\/uploads\/2024\/11\/032-dana-inundacion-riada-valencia-2024-L2100861-1536x1027.jpg 1536w\" sizes=\"(max-width: 1800px) 100vw, 1800px\" \/><\/a><figcaption>El cansancio <\/figcaption><\/figure>\n\n\n\n<figure class=\"wp-block-image size-large\"><a href=\"https:\/\/martinobuzzi.com\/blog\/wp-content\/uploads\/2024\/11\/033-dana-inundacion-riada-valencia-2024-L2100899.jpg\"><img loading=\"lazy\" width=\"1800\" height=\"1203\" data-id=\"1531\"  src=\"http:\/\/martinobuzzi.com\/blog\/wp-content\/uploads\/2024\/11\/033-dana-inundacion-riada-valencia-2024-L2100899.jpg\" alt=\"\" class=\"wp-image-1531\" srcset=\"http:\/\/martinobuzzi.com\/blog\/wp-content\/uploads\/2024\/11\/033-dana-inundacion-riada-valencia-2024-L2100899.jpg 1800w, http:\/\/martinobuzzi.com\/blog\/wp-content\/uploads\/2024\/11\/033-dana-inundacion-riada-valencia-2024-L2100899-300x201.jpg 300w, http:\/\/martinobuzzi.com\/blog\/wp-content\/uploads\/2024\/11\/033-dana-inundacion-riada-valencia-2024-L2100899-900x602.jpg 900w, http:\/\/martinobuzzi.com\/blog\/wp-content\/uploads\/2024\/11\/033-dana-inundacion-riada-valencia-2024-L2100899-768x513.jpg 768w, http:\/\/martinobuzzi.com\/blog\/wp-content\/uploads\/2024\/11\/033-dana-inundacion-riada-valencia-2024-L2100899-1536x1027.jpg 1536w\" sizes=\"(max-width: 1800px) 100vw, 1800px\" \/><\/a><figcaption>Una zona llena de escombros<\/figcaption><\/figure>\n\n\n\n<figure class=\"wp-block-image size-large\"><a href=\"https:\/\/martinobuzzi.com\/blog\/wp-content\/uploads\/2024\/11\/029-dana-inundacion-riada-valencia-2024-L2100818.jpg\"><img loading=\"lazy\" width=\"1800\" height=\"1203\" data-id=\"1527\"  src=\"http:\/\/martinobuzzi.com\/blog\/wp-content\/uploads\/2024\/11\/029-dana-inundacion-riada-valencia-2024-L2100818.jpg\" alt=\"\" class=\"wp-image-1527\" srcset=\"http:\/\/martinobuzzi.com\/blog\/wp-content\/uploads\/2024\/11\/029-dana-inundacion-riada-valencia-2024-L2100818.jpg 1800w, http:\/\/martinobuzzi.com\/blog\/wp-content\/uploads\/2024\/11\/029-dana-inundacion-riada-valencia-2024-L2100818-300x201.jpg 300w, http:\/\/martinobuzzi.com\/blog\/wp-content\/uploads\/2024\/11\/029-dana-inundacion-riada-valencia-2024-L2100818-900x602.jpg 900w, http:\/\/martinobuzzi.com\/blog\/wp-content\/uploads\/2024\/11\/029-dana-inundacion-riada-valencia-2024-L2100818-768x513.jpg 768w, http:\/\/martinobuzzi.com\/blog\/wp-content\/uploads\/2024\/11\/029-dana-inundacion-riada-valencia-2024-L2100818-1536x1027.jpg 1536w\" sizes=\"(max-width: 1800px) 100vw, 1800px\" \/><\/a><figcaption>UNa cassa baja en Paiporta<\/figcaption><\/figure>\n\n\n\n<figure class=\"wp-block-image size-large\"><a href=\"https:\/\/martinobuzzi.com\/blog\/wp-content\/uploads\/2024\/11\/028-dana-inundacion-riada-valencia-2024-L2100813.jpg\"><img loading=\"lazy\" width=\"1800\" height=\"1203\" data-id=\"1526\"  src=\"http:\/\/martinobuzzi.com\/blog\/wp-content\/uploads\/2024\/11\/028-dana-inundacion-riada-valencia-2024-L2100813.jpg\" alt=\"\" class=\"wp-image-1526\" srcset=\"http:\/\/martinobuzzi.com\/blog\/wp-content\/uploads\/2024\/11\/028-dana-inundacion-riada-valencia-2024-L2100813.jpg 1800w, http:\/\/martinobuzzi.com\/blog\/wp-content\/uploads\/2024\/11\/028-dana-inundacion-riada-valencia-2024-L2100813-300x201.jpg 300w, http:\/\/martinobuzzi.com\/blog\/wp-content\/uploads\/2024\/11\/028-dana-inundacion-riada-valencia-2024-L2100813-900x602.jpg 900w, http:\/\/martinobuzzi.com\/blog\/wp-content\/uploads\/2024\/11\/028-dana-inundacion-riada-valencia-2024-L2100813-768x513.jpg 768w, http:\/\/martinobuzzi.com\/blog\/wp-content\/uploads\/2024\/11\/028-dana-inundacion-riada-valencia-2024-L2100813-1536x1027.jpg 1536w\" sizes=\"(max-width: 1800px) 100vw, 1800px\" \/><\/a><figcaption>El rip Poyo ha alcanzado este barrio<\/figcaption><\/figure>\n\n\n\n<figure class=\"wp-block-image size-large\"><a href=\"https:\/\/martinobuzzi.com\/blog\/wp-content\/uploads\/2024\/11\/031-dana-inundacion-riada-valencia-2024-L2100859.jpg\"><img loading=\"lazy\" width=\"1800\" height=\"1203\" data-id=\"1529\"  src=\"http:\/\/martinobuzzi.com\/blog\/wp-content\/uploads\/2024\/11\/031-dana-inundacion-riada-valencia-2024-L2100859.jpg\" alt=\"\" class=\"wp-image-1529\" srcset=\"http:\/\/martinobuzzi.com\/blog\/wp-content\/uploads\/2024\/11\/031-dana-inundacion-riada-valencia-2024-L2100859.jpg 1800w, http:\/\/martinobuzzi.com\/blog\/wp-content\/uploads\/2024\/11\/031-dana-inundacion-riada-valencia-2024-L2100859-300x201.jpg 300w, http:\/\/martinobuzzi.com\/blog\/wp-content\/uploads\/2024\/11\/031-dana-inundacion-riada-valencia-2024-L2100859-900x602.jpg 900w, http:\/\/martinobuzzi.com\/blog\/wp-content\/uploads\/2024\/11\/031-dana-inundacion-riada-valencia-2024-L2100859-768x513.jpg 768w, http:\/\/martinobuzzi.com\/blog\/wp-content\/uploads\/2024\/11\/031-dana-inundacion-riada-valencia-2024-L2100859-1536x1027.jpg 1536w\" sizes=\"(max-width: 1800px) 100vw, 1800px\" \/><\/a><figcaption>Voluntarios en la zona del desastre<\/figcaption><\/figure>\n\n\n\n<figure class=\"wp-block-image size-large\"><a href=\"https:\/\/martinobuzzi.com\/blog\/wp-content\/uploads\/2024\/11\/027-dana-inundacion-riada-valencia-2024-L2100808.jpg\"><img loading=\"lazy\" width=\"1800\" height=\"1203\" data-id=\"1525\"  src=\"http:\/\/martinobuzzi.com\/blog\/wp-content\/uploads\/2024\/11\/027-dana-inundacion-riada-valencia-2024-L2100808.jpg\" alt=\"\" class=\"wp-image-1525\" srcset=\"http:\/\/martinobuzzi.com\/blog\/wp-content\/uploads\/2024\/11\/027-dana-inundacion-riada-valencia-2024-L2100808.jpg 1800w, http:\/\/martinobuzzi.com\/blog\/wp-content\/uploads\/2024\/11\/027-dana-inundacion-riada-valencia-2024-L2100808-300x201.jpg 300w, http:\/\/martinobuzzi.com\/blog\/wp-content\/uploads\/2024\/11\/027-dana-inundacion-riada-valencia-2024-L2100808-900x602.jpg 900w, http:\/\/martinobuzzi.com\/blog\/wp-content\/uploads\/2024\/11\/027-dana-inundacion-riada-valencia-2024-L2100808-768x513.jpg 768w, http:\/\/martinobuzzi.com\/blog\/wp-content\/uploads\/2024\/11\/027-dana-inundacion-riada-valencia-2024-L2100808-1536x1027.jpg 1536w\" sizes=\"(max-width: 1800px) 100vw, 1800px\" \/><\/a><figcaption>Destrucci\u00f3n<\/figcaption><\/figure>\n\n\n\n<figure class=\"wp-block-image size-large\"><a href=\"https:\/\/martinobuzzi.com\/blog\/wp-content\/uploads\/2024\/11\/026-dana-inundacion-riada-valencia-2024-L2100804.jpg\"><img loading=\"lazy\" width=\"1800\" height=\"1203\" data-id=\"1524\"  src=\"http:\/\/martinobuzzi.com\/blog\/wp-content\/uploads\/2024\/11\/026-dana-inundacion-riada-valencia-2024-L2100804.jpg\" alt=\"\" class=\"wp-image-1524\" srcset=\"http:\/\/martinobuzzi.com\/blog\/wp-content\/uploads\/2024\/11\/026-dana-inundacion-riada-valencia-2024-L2100804.jpg 1800w, http:\/\/martinobuzzi.com\/blog\/wp-content\/uploads\/2024\/11\/026-dana-inundacion-riada-valencia-2024-L2100804-300x201.jpg 300w, http:\/\/martinobuzzi.com\/blog\/wp-content\/uploads\/2024\/11\/026-dana-inundacion-riada-valencia-2024-L2100804-900x602.jpg 900w, http:\/\/martinobuzzi.com\/blog\/wp-content\/uploads\/2024\/11\/026-dana-inundacion-riada-valencia-2024-L2100804-768x513.jpg 768w, http:\/\/martinobuzzi.com\/blog\/wp-content\/uploads\/2024\/11\/026-dana-inundacion-riada-valencia-2024-L2100804-1536x1027.jpg 1536w\" sizes=\"(max-width: 1800px) 100vw, 1800px\" \/><\/a><figcaption>Coches como jugetes<\/figcaption><\/figure>\n\n\n\n<figure class=\"wp-block-image size-large\"><a href=\"https:\/\/martinobuzzi.com\/blog\/wp-content\/uploads\/2024\/11\/025-dana-inundacion-riada-valencia-2024-L2100795.jpg\"><img loading=\"lazy\" width=\"1800\" height=\"1203\" data-id=\"1523\"  src=\"http:\/\/martinobuzzi.com\/blog\/wp-content\/uploads\/2024\/11\/025-dana-inundacion-riada-valencia-2024-L2100795.jpg\" alt=\"\" class=\"wp-image-1523\" srcset=\"http:\/\/martinobuzzi.com\/blog\/wp-content\/uploads\/2024\/11\/025-dana-inundacion-riada-valencia-2024-L2100795.jpg 1800w, http:\/\/martinobuzzi.com\/blog\/wp-content\/uploads\/2024\/11\/025-dana-inundacion-riada-valencia-2024-L2100795-300x201.jpg 300w, http:\/\/martinobuzzi.com\/blog\/wp-content\/uploads\/2024\/11\/025-dana-inundacion-riada-valencia-2024-L2100795-900x602.jpg 900w, http:\/\/martinobuzzi.com\/blog\/wp-content\/uploads\/2024\/11\/025-dana-inundacion-riada-valencia-2024-L2100795-768x513.jpg 768w, http:\/\/martinobuzzi.com\/blog\/wp-content\/uploads\/2024\/11\/025-dana-inundacion-riada-valencia-2024-L2100795-1536x1027.jpg 1536w\" sizes=\"(max-width: 1800px) 100vw, 1800px\" \/><\/a><figcaption>Los vecinos intentando atraversar el muro de coches<\/figcaption><\/figure>\n\n\n\n<figure class=\"wp-block-image size-large\"><a href=\"https:\/\/martinobuzzi.com\/blog\/wp-content\/uploads\/2024\/11\/023-dana-inundacion-riada-valencia-2024-L2100785.jpg\"><img loading=\"lazy\" width=\"1203\" height=\"1800\" data-id=\"1521\"  src=\"http:\/\/martinobuzzi.com\/blog\/wp-content\/uploads\/2024\/11\/023-dana-inundacion-riada-valencia-2024-L2100785.jpg\" alt=\"\" class=\"wp-image-1521\" srcset=\"http:\/\/martinobuzzi.com\/blog\/wp-content\/uploads\/2024\/11\/023-dana-inundacion-riada-valencia-2024-L2100785.jpg 1203w, http:\/\/martinobuzzi.com\/blog\/wp-content\/uploads\/2024\/11\/023-dana-inundacion-riada-valencia-2024-L2100785-201x300.jpg 201w, http:\/\/martinobuzzi.com\/blog\/wp-content\/uploads\/2024\/11\/023-dana-inundacion-riada-valencia-2024-L2100785-602x900.jpg 602w, http:\/\/martinobuzzi.com\/blog\/wp-content\/uploads\/2024\/11\/023-dana-inundacion-riada-valencia-2024-L2100785-768x1149.jpg 768w, http:\/\/martinobuzzi.com\/blog\/wp-content\/uploads\/2024\/11\/023-dana-inundacion-riada-valencia-2024-L2100785-1027x1536.jpg 1027w\" sizes=\"(max-width: 1203px) 100vw, 1203px\" \/><\/a><\/figure>\n\n\n\n<figure class=\"wp-block-image size-large\"><a href=\"https:\/\/martinobuzzi.com\/blog\/wp-content\/uploads\/2024\/11\/024-dana-inundacion-riada-valencia-2024-L2100766.jpg\"><img loading=\"lazy\" width=\"1203\" height=\"1800\" data-id=\"1522\"  src=\"http:\/\/martinobuzzi.com\/blog\/wp-content\/uploads\/2024\/11\/024-dana-inundacion-riada-valencia-2024-L2100766.jpg\" alt=\"\" class=\"wp-image-1522\" srcset=\"http:\/\/martinobuzzi.com\/blog\/wp-content\/uploads\/2024\/11\/024-dana-inundacion-riada-valencia-2024-L2100766.jpg 1203w, http:\/\/martinobuzzi.com\/blog\/wp-content\/uploads\/2024\/11\/024-dana-inundacion-riada-valencia-2024-L2100766-201x300.jpg 201w, http:\/\/martinobuzzi.com\/blog\/wp-content\/uploads\/2024\/11\/024-dana-inundacion-riada-valencia-2024-L2100766-602x900.jpg 602w, http:\/\/martinobuzzi.com\/blog\/wp-content\/uploads\/2024\/11\/024-dana-inundacion-riada-valencia-2024-L2100766-768x1149.jpg 768w, http:\/\/martinobuzzi.com\/blog\/wp-content\/uploads\/2024\/11\/024-dana-inundacion-riada-valencia-2024-L2100766-1027x1536.jpg 1027w\" sizes=\"(max-width: 1203px) 100vw, 1203px\" \/><\/a><figcaption>El d\u00eda despu\u00e9s<\/figcaption><\/figure>\n\n\n\n<figure class=\"wp-block-image size-large\"><a href=\"https:\/\/martinobuzzi.com\/blog\/wp-content\/uploads\/2024\/11\/021-dana-inundacion-riada-valencia-2024-L2100962.jpg\"><img loading=\"lazy\" width=\"1203\" height=\"1800\" data-id=\"1519\"  src=\"http:\/\/martinobuzzi.com\/blog\/wp-content\/uploads\/2024\/11\/021-dana-inundacion-riada-valencia-2024-L2100962.jpg\" alt=\"\" class=\"wp-image-1519\" srcset=\"http:\/\/martinobuzzi.com\/blog\/wp-content\/uploads\/2024\/11\/021-dana-inundacion-riada-valencia-2024-L2100962.jpg 1203w, http:\/\/martinobuzzi.com\/blog\/wp-content\/uploads\/2024\/11\/021-dana-inundacion-riada-valencia-2024-L2100962-201x300.jpg 201w, http:\/\/martinobuzzi.com\/blog\/wp-content\/uploads\/2024\/11\/021-dana-inundacion-riada-valencia-2024-L2100962-602x900.jpg 602w, http:\/\/martinobuzzi.com\/blog\/wp-content\/uploads\/2024\/11\/021-dana-inundacion-riada-valencia-2024-L2100962-768x1149.jpg 768w, http:\/\/martinobuzzi.com\/blog\/wp-content\/uploads\/2024\/11\/021-dana-inundacion-riada-valencia-2024-L2100962-1027x1536.jpg 1027w\" sizes=\"(max-width: 1203px) 100vw, 1203px\" \/><\/a><figcaption>Los voluntarios trabajan a toda prisa<\/figcaption><\/figure>\n\n\n\n<figure class=\"wp-block-image size-large\"><a href=\"https:\/\/martinobuzzi.com\/blog\/wp-content\/uploads\/2024\/11\/017-dana-inundacion-riada-valencia-2024-L2100668.jpg\"><img loading=\"lazy\" width=\"1203\" height=\"1800\" data-id=\"1515\"  src=\"http:\/\/martinobuzzi.com\/blog\/wp-content\/uploads\/2024\/11\/017-dana-inundacion-riada-valencia-2024-L2100668.jpg\" alt=\"\" class=\"wp-image-1515\" srcset=\"http:\/\/martinobuzzi.com\/blog\/wp-content\/uploads\/2024\/11\/017-dana-inundacion-riada-valencia-2024-L2100668.jpg 1203w, http:\/\/martinobuzzi.com\/blog\/wp-content\/uploads\/2024\/11\/017-dana-inundacion-riada-valencia-2024-L2100668-201x300.jpg 201w, http:\/\/martinobuzzi.com\/blog\/wp-content\/uploads\/2024\/11\/017-dana-inundacion-riada-valencia-2024-L2100668-602x900.jpg 602w, http:\/\/martinobuzzi.com\/blog\/wp-content\/uploads\/2024\/11\/017-dana-inundacion-riada-valencia-2024-L2100668-768x1149.jpg 768w, http:\/\/martinobuzzi.com\/blog\/wp-content\/uploads\/2024\/11\/017-dana-inundacion-riada-valencia-2024-L2100668-1027x1536.jpg 1027w\" sizes=\"(max-width: 1203px) 100vw, 1203px\" \/><\/a><\/figure>\n\n\n\n<figure class=\"wp-block-image size-large\"><a href=\"https:\/\/martinobuzzi.com\/blog\/wp-content\/uploads\/2024\/11\/020-dana-inundacion-riada-valencia-2024-L2100733.jpg\"><img loading=\"lazy\" width=\"1203\" height=\"1800\" data-id=\"1518\"  src=\"http:\/\/martinobuzzi.com\/blog\/wp-content\/uploads\/2024\/11\/020-dana-inundacion-riada-valencia-2024-L2100733.jpg\" alt=\"\" class=\"wp-image-1518\" srcset=\"http:\/\/martinobuzzi.com\/blog\/wp-content\/uploads\/2024\/11\/020-dana-inundacion-riada-valencia-2024-L2100733.jpg 1203w, http:\/\/martinobuzzi.com\/blog\/wp-content\/uploads\/2024\/11\/020-dana-inundacion-riada-valencia-2024-L2100733-201x300.jpg 201w, http:\/\/martinobuzzi.com\/blog\/wp-content\/uploads\/2024\/11\/020-dana-inundacion-riada-valencia-2024-L2100733-602x900.jpg 602w, http:\/\/martinobuzzi.com\/blog\/wp-content\/uploads\/2024\/11\/020-dana-inundacion-riada-valencia-2024-L2100733-768x1149.jpg 768w, http:\/\/martinobuzzi.com\/blog\/wp-content\/uploads\/2024\/11\/020-dana-inundacion-riada-valencia-2024-L2100733-1027x1536.jpg 1027w\" sizes=\"(max-width: 1203px) 100vw, 1203px\" \/><\/a><figcaption>Llegando a Picanya<\/figcaption><\/figure>\n\n\n\n<figure class=\"wp-block-image size-large\"><a href=\"https:\/\/martinobuzzi.com\/blog\/wp-content\/uploads\/2024\/11\/018-dana-inundacion-riada-valencia-2024-L2100745.jpg\"><img loading=\"lazy\" width=\"1203\" height=\"1800\" data-id=\"1516\"  src=\"http:\/\/martinobuzzi.com\/blog\/wp-content\/uploads\/2024\/11\/018-dana-inundacion-riada-valencia-2024-L2100745.jpg\" alt=\"\" class=\"wp-image-1516\" srcset=\"http:\/\/martinobuzzi.com\/blog\/wp-content\/uploads\/2024\/11\/018-dana-inundacion-riada-valencia-2024-L2100745.jpg 1203w, http:\/\/martinobuzzi.com\/blog\/wp-content\/uploads\/2024\/11\/018-dana-inundacion-riada-valencia-2024-L2100745-201x300.jpg 201w, http:\/\/martinobuzzi.com\/blog\/wp-content\/uploads\/2024\/11\/018-dana-inundacion-riada-valencia-2024-L2100745-602x900.jpg 602w, http:\/\/martinobuzzi.com\/blog\/wp-content\/uploads\/2024\/11\/018-dana-inundacion-riada-valencia-2024-L2100745-768x1149.jpg 768w, http:\/\/martinobuzzi.com\/blog\/wp-content\/uploads\/2024\/11\/018-dana-inundacion-riada-valencia-2024-L2100745-1027x1536.jpg 1027w\" sizes=\"(max-width: 1203px) 100vw, 1203px\" \/><\/a><\/figure>\n\n\n\n<figure class=\"wp-block-image size-large\"><a href=\"https:\/\/martinobuzzi.com\/blog\/wp-content\/uploads\/2024\/11\/019-dana-inundacion-riada-valencia-2024-L2100696.jpg\"><img loading=\"lazy\" width=\"1800\" height=\"1203\" data-id=\"1517\"  src=\"http:\/\/martinobuzzi.com\/blog\/wp-content\/uploads\/2024\/11\/019-dana-inundacion-riada-valencia-2024-L2100696.jpg\" alt=\"\" class=\"wp-image-1517\" srcset=\"http:\/\/martinobuzzi.com\/blog\/wp-content\/uploads\/2024\/11\/019-dana-inundacion-riada-valencia-2024-L2100696.jpg 1800w, http:\/\/martinobuzzi.com\/blog\/wp-content\/uploads\/2024\/11\/019-dana-inundacion-riada-valencia-2024-L2100696-300x201.jpg 300w, http:\/\/martinobuzzi.com\/blog\/wp-content\/uploads\/2024\/11\/019-dana-inundacion-riada-valencia-2024-L2100696-900x602.jpg 900w, http:\/\/martinobuzzi.com\/blog\/wp-content\/uploads\/2024\/11\/019-dana-inundacion-riada-valencia-2024-L2100696-768x513.jpg 768w, http:\/\/martinobuzzi.com\/blog\/wp-content\/uploads\/2024\/11\/019-dana-inundacion-riada-valencia-2024-L2100696-1536x1027.jpg 1536w\" sizes=\"(max-width: 1800px) 100vw, 1800px\" \/><\/a><\/figure>\n\n\n\n<figure class=\"wp-block-image size-large\"><a href=\"https:\/\/martinobuzzi.com\/blog\/wp-content\/uploads\/2024\/11\/012-dana-inundacion-riada-valencia-2024-L2100448.jpg\"><img loading=\"lazy\" width=\"1800\" height=\"1203\" data-id=\"1510\"  src=\"http:\/\/martinobuzzi.com\/blog\/wp-content\/uploads\/2024\/11\/012-dana-inundacion-riada-valencia-2024-L2100448.jpg\" alt=\"\" class=\"wp-image-1510\" srcset=\"http:\/\/martinobuzzi.com\/blog\/wp-content\/uploads\/2024\/11\/012-dana-inundacion-riada-valencia-2024-L2100448.jpg 1800w, http:\/\/martinobuzzi.com\/blog\/wp-content\/uploads\/2024\/11\/012-dana-inundacion-riada-valencia-2024-L2100448-300x201.jpg 300w, http:\/\/martinobuzzi.com\/blog\/wp-content\/uploads\/2024\/11\/012-dana-inundacion-riada-valencia-2024-L2100448-900x602.jpg 900w, http:\/\/martinobuzzi.com\/blog\/wp-content\/uploads\/2024\/11\/012-dana-inundacion-riada-valencia-2024-L2100448-768x513.jpg 768w, http:\/\/martinobuzzi.com\/blog\/wp-content\/uploads\/2024\/11\/012-dana-inundacion-riada-valencia-2024-L2100448-1536x1027.jpg 1536w\" sizes=\"(max-width: 1800px) 100vw, 1800px\" \/><\/a><\/figure>\n\n\n\n<figure class=\"wp-block-image size-large\"><a href=\"https:\/\/martinobuzzi.com\/blog\/wp-content\/uploads\/2024\/11\/022-dana-inundacion-riada-valencia-2024-L2100774.jpg\"><img loading=\"lazy\" width=\"1800\" height=\"1203\" data-id=\"1520\"  src=\"http:\/\/martinobuzzi.com\/blog\/wp-content\/uploads\/2024\/11\/022-dana-inundacion-riada-valencia-2024-L2100774.jpg\" alt=\"Dana En Valencia\" class=\"wp-image-1520\" srcset=\"http:\/\/martinobuzzi.com\/blog\/wp-content\/uploads\/2024\/11\/022-dana-inundacion-riada-valencia-2024-L2100774.jpg 1800w, http:\/\/martinobuzzi.com\/blog\/wp-content\/uploads\/2024\/11\/022-dana-inundacion-riada-valencia-2024-L2100774-300x201.jpg 300w, http:\/\/martinobuzzi.com\/blog\/wp-content\/uploads\/2024\/11\/022-dana-inundacion-riada-valencia-2024-L2100774-900x602.jpg 900w, http:\/\/martinobuzzi.com\/blog\/wp-content\/uploads\/2024\/11\/022-dana-inundacion-riada-valencia-2024-L2100774-768x513.jpg 768w, http:\/\/martinobuzzi.com\/blog\/wp-content\/uploads\/2024\/11\/022-dana-inundacion-riada-valencia-2024-L2100774-1536x1027.jpg 1536w\" sizes=\"(max-width: 1800px) 100vw, 1800px\" \/><\/a><figcaption>Lo que queda de una casa<\/figcaption><\/figure>\n\n\n\n<figure class=\"wp-block-image size-large\"><a href=\"https:\/\/martinobuzzi.com\/blog\/wp-content\/uploads\/2024\/11\/016-dana-inundacion-riada-valencia-2024-L2100646.jpg\"><img loading=\"lazy\" width=\"1203\" height=\"1800\" data-id=\"1514\"  src=\"http:\/\/martinobuzzi.com\/blog\/wp-content\/uploads\/2024\/11\/016-dana-inundacion-riada-valencia-2024-L2100646.jpg\" alt=\"\" class=\"wp-image-1514\" srcset=\"http:\/\/martinobuzzi.com\/blog\/wp-content\/uploads\/2024\/11\/016-dana-inundacion-riada-valencia-2024-L2100646.jpg 1203w, http:\/\/martinobuzzi.com\/blog\/wp-content\/uploads\/2024\/11\/016-dana-inundacion-riada-valencia-2024-L2100646-201x300.jpg 201w, http:\/\/martinobuzzi.com\/blog\/wp-content\/uploads\/2024\/11\/016-dana-inundacion-riada-valencia-2024-L2100646-602x900.jpg 602w, http:\/\/martinobuzzi.com\/blog\/wp-content\/uploads\/2024\/11\/016-dana-inundacion-riada-valencia-2024-L2100646-768x1149.jpg 768w, http:\/\/martinobuzzi.com\/blog\/wp-content\/uploads\/2024\/11\/016-dana-inundacion-riada-valencia-2024-L2100646-1027x1536.jpg 1027w\" sizes=\"(max-width: 1203px) 100vw, 1203px\" \/><\/a><\/figure>\n\n\n\n<figure class=\"wp-block-image size-large\"><a href=\"https:\/\/martinobuzzi.com\/blog\/wp-content\/uploads\/2024\/11\/015-dana-inundacion-riada-valencia-2024-L2100624.jpg\"><img loading=\"lazy\" width=\"1203\" height=\"1800\" data-id=\"1513\"  src=\"http:\/\/martinobuzzi.com\/blog\/wp-content\/uploads\/2024\/11\/015-dana-inundacion-riada-valencia-2024-L2100624.jpg\" alt=\"Da\u00f1os por la dana en Valencia\" class=\"wp-image-1513\" srcset=\"http:\/\/martinobuzzi.com\/blog\/wp-content\/uploads\/2024\/11\/015-dana-inundacion-riada-valencia-2024-L2100624.jpg 1203w, http:\/\/martinobuzzi.com\/blog\/wp-content\/uploads\/2024\/11\/015-dana-inundacion-riada-valencia-2024-L2100624-201x300.jpg 201w, http:\/\/martinobuzzi.com\/blog\/wp-content\/uploads\/2024\/11\/015-dana-inundacion-riada-valencia-2024-L2100624-602x900.jpg 602w, http:\/\/martinobuzzi.com\/blog\/wp-content\/uploads\/2024\/11\/015-dana-inundacion-riada-valencia-2024-L2100624-768x1149.jpg 768w, http:\/\/martinobuzzi.com\/blog\/wp-content\/uploads\/2024\/11\/015-dana-inundacion-riada-valencia-2024-L2100624-1027x1536.jpg 1027w\" sizes=\"(max-width: 1203px) 100vw, 1203px\" \/><\/a><figcaption>Los Da\u00f1os son enormes<\/figcaption><\/figure>\n\n\n\n<figure class=\"wp-block-image size-large\"><a href=\"https:\/\/martinobuzzi.com\/blog\/wp-content\/uploads\/2024\/11\/014-dana-inundacion-riada-valencia-2024-L2100607.jpg\"><img loading=\"lazy\" width=\"1203\" height=\"1800\" data-id=\"1512\"  src=\"http:\/\/martinobuzzi.com\/blog\/wp-content\/uploads\/2024\/11\/014-dana-inundacion-riada-valencia-2024-L2100607.jpg\" alt=\"\" class=\"wp-image-1512\" srcset=\"http:\/\/martinobuzzi.com\/blog\/wp-content\/uploads\/2024\/11\/014-dana-inundacion-riada-valencia-2024-L2100607.jpg 1203w, http:\/\/martinobuzzi.com\/blog\/wp-content\/uploads\/2024\/11\/014-dana-inundacion-riada-valencia-2024-L2100607-201x300.jpg 201w, http:\/\/martinobuzzi.com\/blog\/wp-content\/uploads\/2024\/11\/014-dana-inundacion-riada-valencia-2024-L2100607-602x900.jpg 602w, http:\/\/martinobuzzi.com\/blog\/wp-content\/uploads\/2024\/11\/014-dana-inundacion-riada-valencia-2024-L2100607-768x1149.jpg 768w, http:\/\/martinobuzzi.com\/blog\/wp-content\/uploads\/2024\/11\/014-dana-inundacion-riada-valencia-2024-L2100607-1027x1536.jpg 1027w\" sizes=\"(max-width: 1203px) 100vw, 1203px\" \/><\/a><\/figure>\n\n\n\n<figure class=\"wp-block-image size-large\"><a href=\"https:\/\/martinobuzzi.com\/blog\/wp-content\/uploads\/2024\/11\/009-dana-inundacion-riada-valencia-2024-L2100398.jpg\"><img loading=\"lazy\" width=\"1013\" height=\"1800\" data-id=\"1507\"  src=\"http:\/\/martinobuzzi.com\/blog\/wp-content\/uploads\/2024\/11\/009-dana-inundacion-riada-valencia-2024-L2100398.jpg\" alt=\"\" class=\"wp-image-1507\" srcset=\"http:\/\/martinobuzzi.com\/blog\/wp-content\/uploads\/2024\/11\/009-dana-inundacion-riada-valencia-2024-L2100398.jpg 1013w, http:\/\/martinobuzzi.com\/blog\/wp-content\/uploads\/2024\/11\/009-dana-inundacion-riada-valencia-2024-L2100398-169x300.jpg 169w, http:\/\/martinobuzzi.com\/blog\/wp-content\/uploads\/2024\/11\/009-dana-inundacion-riada-valencia-2024-L2100398-507x900.jpg 507w, http:\/\/martinobuzzi.com\/blog\/wp-content\/uploads\/2024\/11\/009-dana-inundacion-riada-valencia-2024-L2100398-768x1365.jpg 768w, http:\/\/martinobuzzi.com\/blog\/wp-content\/uploads\/2024\/11\/009-dana-inundacion-riada-valencia-2024-L2100398-864x1536.jpg 864w\" sizes=\"(max-width: 1013px) 100vw, 1013px\" \/><\/a><\/figure>\n\n\n\n<figure class=\"wp-block-image size-large\"><a href=\"https:\/\/martinobuzzi.com\/blog\/wp-content\/uploads\/2024\/11\/013-dana-inundacion-riada-valencia-2024-L2100547.jpg\"><img loading=\"lazy\" width=\"1203\" height=\"1800\" data-id=\"1511\"  src=\"http:\/\/martinobuzzi.com\/blog\/wp-content\/uploads\/2024\/11\/013-dana-inundacion-riada-valencia-2024-L2100547.jpg\" alt=\"\" class=\"wp-image-1511\" srcset=\"http:\/\/martinobuzzi.com\/blog\/wp-content\/uploads\/2024\/11\/013-dana-inundacion-riada-valencia-2024-L2100547.jpg 1203w, http:\/\/martinobuzzi.com\/blog\/wp-content\/uploads\/2024\/11\/013-dana-inundacion-riada-valencia-2024-L2100547-201x300.jpg 201w, http:\/\/martinobuzzi.com\/blog\/wp-content\/uploads\/2024\/11\/013-dana-inundacion-riada-valencia-2024-L2100547-602x900.jpg 602w, http:\/\/martinobuzzi.com\/blog\/wp-content\/uploads\/2024\/11\/013-dana-inundacion-riada-valencia-2024-L2100547-768x1149.jpg 768w, http:\/\/martinobuzzi.com\/blog\/wp-content\/uploads\/2024\/11\/013-dana-inundacion-riada-valencia-2024-L2100547-1027x1536.jpg 1027w\" sizes=\"(max-width: 1203px) 100vw, 1203px\" \/><\/a><\/figure>\n\n\n\n<figure class=\"wp-block-image size-large\"><a href=\"https:\/\/martinobuzzi.com\/blog\/wp-content\/uploads\/2024\/11\/010-dana-inundacion-riada-valencia-2024-L2100370.jpg\"><img loading=\"lazy\" width=\"1013\" height=\"1800\" data-id=\"1508\"  src=\"http:\/\/martinobuzzi.com\/blog\/wp-content\/uploads\/2024\/11\/010-dana-inundacion-riada-valencia-2024-L2100370.jpg\" alt=\"\" class=\"wp-image-1508\" srcset=\"http:\/\/martinobuzzi.com\/blog\/wp-content\/uploads\/2024\/11\/010-dana-inundacion-riada-valencia-2024-L2100370.jpg 1013w, http:\/\/martinobuzzi.com\/blog\/wp-content\/uploads\/2024\/11\/010-dana-inundacion-riada-valencia-2024-L2100370-169x300.jpg 169w, http:\/\/martinobuzzi.com\/blog\/wp-content\/uploads\/2024\/11\/010-dana-inundacion-riada-valencia-2024-L2100370-507x900.jpg 507w, http:\/\/martinobuzzi.com\/blog\/wp-content\/uploads\/2024\/11\/010-dana-inundacion-riada-valencia-2024-L2100370-768x1365.jpg 768w, http:\/\/martinobuzzi.com\/blog\/wp-content\/uploads\/2024\/11\/010-dana-inundacion-riada-valencia-2024-L2100370-864x1536.jpg 864w\" sizes=\"(max-width: 1013px) 100vw, 1013px\" \/><\/a><\/figure>\n\n\n\n<figure class=\"wp-block-image size-large\"><a href=\"https:\/\/martinobuzzi.com\/blog\/wp-content\/uploads\/2024\/11\/011-dana-inundacion-riada-valencia-2024-L2100379.jpg\"><img loading=\"lazy\" width=\"1800\" height=\"1013\" data-id=\"1509\"  src=\"http:\/\/martinobuzzi.com\/blog\/wp-content\/uploads\/2024\/11\/011-dana-inundacion-riada-valencia-2024-L2100379.jpg\" alt=\"\" class=\"wp-image-1509\" srcset=\"http:\/\/martinobuzzi.com\/blog\/wp-content\/uploads\/2024\/11\/011-dana-inundacion-riada-valencia-2024-L2100379.jpg 1800w, http:\/\/martinobuzzi.com\/blog\/wp-content\/uploads\/2024\/11\/011-dana-inundacion-riada-valencia-2024-L2100379-300x169.jpg 300w, http:\/\/martinobuzzi.com\/blog\/wp-content\/uploads\/2024\/11\/011-dana-inundacion-riada-valencia-2024-L2100379-900x507.jpg 900w, http:\/\/martinobuzzi.com\/blog\/wp-content\/uploads\/2024\/11\/011-dana-inundacion-riada-valencia-2024-L2100379-768x432.jpg 768w, http:\/\/martinobuzzi.com\/blog\/wp-content\/uploads\/2024\/11\/011-dana-inundacion-riada-valencia-2024-L2100379-1536x864.jpg 1536w\" sizes=\"(max-width: 1800px) 100vw, 1800px\" \/><\/a><\/figure>\n\n\n\n<figure class=\"wp-block-image size-large\"><a href=\"https:\/\/martinobuzzi.com\/blog\/wp-content\/uploads\/2024\/11\/008-dana-inundacion-riada-valencia-2024-L2100367.jpg\"><img loading=\"lazy\" width=\"1800\" height=\"1013\" data-id=\"1506\"  src=\"http:\/\/martinobuzzi.com\/blog\/wp-content\/uploads\/2024\/11\/008-dana-inundacion-riada-valencia-2024-L2100367.jpg\" alt=\"\" class=\"wp-image-1506\" srcset=\"http:\/\/martinobuzzi.com\/blog\/wp-content\/uploads\/2024\/11\/008-dana-inundacion-riada-valencia-2024-L2100367.jpg 1800w, http:\/\/martinobuzzi.com\/blog\/wp-content\/uploads\/2024\/11\/008-dana-inundacion-riada-valencia-2024-L2100367-300x169.jpg 300w, http:\/\/martinobuzzi.com\/blog\/wp-content\/uploads\/2024\/11\/008-dana-inundacion-riada-valencia-2024-L2100367-900x507.jpg 900w, http:\/\/martinobuzzi.com\/blog\/wp-content\/uploads\/2024\/11\/008-dana-inundacion-riada-valencia-2024-L2100367-768x432.jpg 768w, http:\/\/martinobuzzi.com\/blog\/wp-content\/uploads\/2024\/11\/008-dana-inundacion-riada-valencia-2024-L2100367-1536x864.jpg 1536w\" sizes=\"(max-width: 1800px) 100vw, 1800px\" \/><\/a><\/figure>\n\n\n\n<figure class=\"wp-block-image size-large\"><a href=\"https:\/\/martinobuzzi.com\/blog\/wp-content\/uploads\/2024\/11\/006-dana-inundacion-riada-valencia-2024-L2100359.jpg\"><img loading=\"lazy\" width=\"1800\" height=\"1013\" data-id=\"1504\"  src=\"http:\/\/martinobuzzi.com\/blog\/wp-content\/uploads\/2024\/11\/006-dana-inundacion-riada-valencia-2024-L2100359.jpg\" alt=\"\" class=\"wp-image-1504\" srcset=\"http:\/\/martinobuzzi.com\/blog\/wp-content\/uploads\/2024\/11\/006-dana-inundacion-riada-valencia-2024-L2100359.jpg 1800w, http:\/\/martinobuzzi.com\/blog\/wp-content\/uploads\/2024\/11\/006-dana-inundacion-riada-valencia-2024-L2100359-300x169.jpg 300w, http:\/\/martinobuzzi.com\/blog\/wp-content\/uploads\/2024\/11\/006-dana-inundacion-riada-valencia-2024-L2100359-900x507.jpg 900w, http:\/\/martinobuzzi.com\/blog\/wp-content\/uploads\/2024\/11\/006-dana-inundacion-riada-valencia-2024-L2100359-768x432.jpg 768w, http:\/\/martinobuzzi.com\/blog\/wp-content\/uploads\/2024\/11\/006-dana-inundacion-riada-valencia-2024-L2100359-1536x864.jpg 1536w\" sizes=\"(max-width: 1800px) 100vw, 1800px\" \/><\/a><\/figure>\n\n\n\n<figure class=\"wp-block-image size-large\"><a href=\"https:\/\/martinobuzzi.com\/blog\/wp-content\/uploads\/2024\/11\/005-dana-inundacion-riada-valencia-2024-L2100335.jpg\"><img loading=\"lazy\" width=\"1800\" height=\"1013\" data-id=\"1503\"  src=\"http:\/\/martinobuzzi.com\/blog\/wp-content\/uploads\/2024\/11\/005-dana-inundacion-riada-valencia-2024-L2100335.jpg\" alt=\"\" class=\"wp-image-1503\" srcset=\"http:\/\/martinobuzzi.com\/blog\/wp-content\/uploads\/2024\/11\/005-dana-inundacion-riada-valencia-2024-L2100335.jpg 1800w, http:\/\/martinobuzzi.com\/blog\/wp-content\/uploads\/2024\/11\/005-dana-inundacion-riada-valencia-2024-L2100335-300x169.jpg 300w, http:\/\/martinobuzzi.com\/blog\/wp-content\/uploads\/2024\/11\/005-dana-inundacion-riada-valencia-2024-L2100335-900x507.jpg 900w, http:\/\/martinobuzzi.com\/blog\/wp-content\/uploads\/2024\/11\/005-dana-inundacion-riada-valencia-2024-L2100335-768x432.jpg 768w, http:\/\/martinobuzzi.com\/blog\/wp-content\/uploads\/2024\/11\/005-dana-inundacion-riada-valencia-2024-L2100335-1536x864.jpg 1536w\" sizes=\"(max-width: 1800px) 100vw, 1800px\" \/><\/a><figcaption>Ni\u00f1as en frente de su casa<\/figcaption><\/figure>\n\n\n\n<figure class=\"wp-block-image size-large\"><a href=\"https:\/\/martinobuzzi.com\/blog\/wp-content\/uploads\/2024\/11\/004-dana-inundacion-riada-valencia-2024-L2100327.jpg\"><img loading=\"lazy\" width=\"1800\" height=\"1013\" data-id=\"1502\"  src=\"http:\/\/martinobuzzi.com\/blog\/wp-content\/uploads\/2024\/11\/004-dana-inundacion-riada-valencia-2024-L2100327.jpg\" alt=\"\" class=\"wp-image-1502\" srcset=\"http:\/\/martinobuzzi.com\/blog\/wp-content\/uploads\/2024\/11\/004-dana-inundacion-riada-valencia-2024-L2100327.jpg 1800w, http:\/\/martinobuzzi.com\/blog\/wp-content\/uploads\/2024\/11\/004-dana-inundacion-riada-valencia-2024-L2100327-300x169.jpg 300w, http:\/\/martinobuzzi.com\/blog\/wp-content\/uploads\/2024\/11\/004-dana-inundacion-riada-valencia-2024-L2100327-900x507.jpg 900w, http:\/\/martinobuzzi.com\/blog\/wp-content\/uploads\/2024\/11\/004-dana-inundacion-riada-valencia-2024-L2100327-768x432.jpg 768w, http:\/\/martinobuzzi.com\/blog\/wp-content\/uploads\/2024\/11\/004-dana-inundacion-riada-valencia-2024-L2100327-1536x864.jpg 1536w\" sizes=\"(max-width: 1800px) 100vw, 1800px\" \/><\/a><figcaption>Barrio de la Torre<\/figcaption><\/figure>\n\n\n\n<figure class=\"wp-block-image size-large\"><a href=\"https:\/\/martinobuzzi.com\/blog\/wp-content\/uploads\/2024\/11\/003-dana-inundacion-riada-valencia-2024-L2100310.jpg\"><img loading=\"lazy\" width=\"1800\" height=\"1012\" data-id=\"1501\"  src=\"http:\/\/martinobuzzi.com\/blog\/wp-content\/uploads\/2024\/11\/003-dana-inundacion-riada-valencia-2024-L2100310.jpg\" alt=\"\" class=\"wp-image-1501\" srcset=\"http:\/\/martinobuzzi.com\/blog\/wp-content\/uploads\/2024\/11\/003-dana-inundacion-riada-valencia-2024-L2100310.jpg 1800w, http:\/\/martinobuzzi.com\/blog\/wp-content\/uploads\/2024\/11\/003-dana-inundacion-riada-valencia-2024-L2100310-300x169.jpg 300w, http:\/\/martinobuzzi.com\/blog\/wp-content\/uploads\/2024\/11\/003-dana-inundacion-riada-valencia-2024-L2100310-900x506.jpg 900w, http:\/\/martinobuzzi.com\/blog\/wp-content\/uploads\/2024\/11\/003-dana-inundacion-riada-valencia-2024-L2100310-768x432.jpg 768w, http:\/\/martinobuzzi.com\/blog\/wp-content\/uploads\/2024\/11\/003-dana-inundacion-riada-valencia-2024-L2100310-1536x864.jpg 1536w\" sizes=\"(max-width: 1800px) 100vw, 1800px\" \/><\/a><\/figure>\n\n\n\n<figure class=\"wp-block-image size-large\"><a href=\"https:\/\/martinobuzzi.com\/blog\/wp-content\/uploads\/2024\/11\/002-dana-inundacion-riada-valencia-2024-L2100286.jpg\"><img loading=\"lazy\" width=\"1800\" height=\"1013\" data-id=\"1500\"  src=\"http:\/\/martinobuzzi.com\/blog\/wp-content\/uploads\/2024\/11\/002-dana-inundacion-riada-valencia-2024-L2100286.jpg\" alt=\"Voluntarios Valencia\" class=\"wp-image-1500\" srcset=\"http:\/\/martinobuzzi.com\/blog\/wp-content\/uploads\/2024\/11\/002-dana-inundacion-riada-valencia-2024-L2100286.jpg 1800w, http:\/\/martinobuzzi.com\/blog\/wp-content\/uploads\/2024\/11\/002-dana-inundacion-riada-valencia-2024-L2100286-300x169.jpg 300w, http:\/\/martinobuzzi.com\/blog\/wp-content\/uploads\/2024\/11\/002-dana-inundacion-riada-valencia-2024-L2100286-900x507.jpg 900w, http:\/\/martinobuzzi.com\/blog\/wp-content\/uploads\/2024\/11\/002-dana-inundacion-riada-valencia-2024-L2100286-768x432.jpg 768w, http:\/\/martinobuzzi.com\/blog\/wp-content\/uploads\/2024\/11\/002-dana-inundacion-riada-valencia-2024-L2100286-1536x864.jpg 1536w\" sizes=\"(max-width: 1800px) 100vw, 1800px\" \/><\/a><figcaption>Miles de voluntarios atraviesan el puente hac\u00eda la zona damnificada<\/figcaption><\/figure>\n\n\n\n<figure class=\"wp-block-image size-large\"><a href=\"https:\/\/martinobuzzi.com\/blog\/wp-content\/uploads\/2024\/11\/001-dana-inundacion-riada-valencia-2024-L2100287.jpg\"><img loading=\"lazy\" width=\"1800\" height=\"1013\" data-id=\"1499\"  src=\"http:\/\/martinobuzzi.com\/blog\/wp-content\/uploads\/2024\/11\/001-dana-inundacion-riada-valencia-2024-L2100287.jpg\" alt=\"Dana Valencia\" class=\"wp-image-1499\" srcset=\"http:\/\/martinobuzzi.com\/blog\/wp-content\/uploads\/2024\/11\/001-dana-inundacion-riada-valencia-2024-L2100287.jpg 1800w, http:\/\/martinobuzzi.com\/blog\/wp-content\/uploads\/2024\/11\/001-dana-inundacion-riada-valencia-2024-L2100287-300x169.jpg 300w, http:\/\/martinobuzzi.com\/blog\/wp-content\/uploads\/2024\/11\/001-dana-inundacion-riada-valencia-2024-L2100287-900x507.jpg 900w, http:\/\/martinobuzzi.com\/blog\/wp-content\/uploads\/2024\/11\/001-dana-inundacion-riada-valencia-2024-L2100287-768x432.jpg 768w, http:\/\/martinobuzzi.com\/blog\/wp-content\/uploads\/2024\/11\/001-dana-inundacion-riada-valencia-2024-L2100287-1536x864.jpg 1536w\" sizes=\"(max-width: 1800px) 100vw, 1800px\" \/><\/a><figcaption>El Rio Turia el d\u00eda despu\u00e9s de las inundaciones<\/figcaption><\/figure>\n<\/figure>\n","protected":false},"excerpt":{"rendered":"<p>El 30 de octubre de 2024, Valencia sufri\u00f3 una inundaci\u00f3n devastadora debido a una DANA (Depresi\u00f3n Aislada en Niveles Altos), que provoc\u00f3 lluvias torrenciales en la regi\u00f3n. Municipios como Bu\u00f1ol, Chera, Cheste, Tur\u00eds y Chiva registraron m\u00e1s de 400 litros por metro cuadrado en un solo d\u00eda, equivalente a la precipitaci\u00f3n anual de estas zonas. [&hellip;]<\/p>\n","protected":false},"author":1,"featured_media":1501,"comment_status":"open","ping_status":"open","sticky":false,"template":"","format":"standard","meta":[],"categories":[3],"tags":[18],"_links":{"self":[{"href":"http:\/\/martinobuzzi.com\/blog\/wp-json\/wp\/v2\/posts\/1466"}],"collection":[{"href":"http:\/\/martinobuzzi.com\/blog\/wp-json\/wp\/v2\/posts"}],"about":[{"href":"http:\/\/martinobuzzi.com\/blog\/wp-json\/wp\/v2\/types\/post"}],"author":[{"embeddable":true,"href":"http:\/\/martinobuzzi.com\/blog\/wp-json\/wp\/v2\/users\/1"}],"replies":[{"embeddable":true,"href":"http:\/\/martinobuzzi.com\/blog\/wp-json\/wp\/v2\/comments?post=1466"}],"version-history":[{"count":5,"href":"http:\/\/martinobuzzi.com\/blog\/wp-json\/wp\/v2\/posts\/1466\/revisions"}],"predecessor-version":[{"id":1544,"href":"http:\/\/martinobuzzi.com\/blog\/wp-json\/wp\/v2\/posts\/1466\/revisions\/1544"}],"wp:featuredmedia":[{"embeddable":true,"href":"http:\/\/martinobuzzi.com\/blog\/wp-json\/wp\/v2\/media\/1501"}],"wp:attachment":[{"href":"http:\/\/martinobuzzi.com\/blog\/wp-json\/wp\/v2\/media?parent=1466"}],"wp:term":[{"taxonomy":"category","embeddable":true,"href":"http:\/\/martinobuzzi.com\/blog\/wp-json\/wp\/v2\/categories?post=1466"},{"taxonomy":"post_tag","embeddable":true,"href":"http:\/\/martinobuzzi.com\/blog\/wp-json\/wp\/v2\/tags?post=1466"}],"curies":[{"name":"wp","href":"https:\/\/api.w.org\/{rel}","templated":true}]}}