{"id":135,"date":"2012-04-05T11:31:16","date_gmt":"2012-04-05T11:31:16","guid":{"rendered":"http:\/\/martinobuzzi.com\/blog\/?p=135"},"modified":"2012-04-05T11:31:16","modified_gmt":"2012-04-05T11:31:16","slug":"paisajes-de-milano-en-diciembre","status":"publish","type":"post","link":"http:\/\/martinobuzzi.com\/blog\/paisajes-de-milano-en-diciembre\/","title":{"rendered":"Paisajes de Milano en diciembre"},"content":{"rendered":"<p>Esta es la cuidad donde nac\u00ed. Cada vez que visito Milano los recuerdos de mi infancia vuelven a mi mente mezclados con las impresiones nuevas de una cuidad que va cambiando. Si tuviese que elegir un color para Milano seria el gris. Gris como la niebla que aparece por las ma\u00f1anas en invierno, gris como las calles y los edificios de la periferia.<\/p>\n<p>Recuerdo inviernos muy fr\u00edos con d\u00edas cortos y as\u00ed sigue siendo al final del a\u00f1o en 2011, aunque la cuidad ha cambiado. En las tiendas del centro hay mucho movimiento, turistas del este se amontonan para comprar ropa de moda, hay luces y colores en los escaparates. En los grandes almacenes hay calefacci\u00f3n.<\/p>\n<p>Busco en la cuidad encuadres de la cuidad que recuerdo y la encuentro en estos paisajes que desprenden colores tenues que parecen luchar para prevalecer sobre el gris.<\/p>\n<p><img loading=\"lazy\" class=\"pp-insert-all size-full aligncenter\" src=\"http:\/\/martinobuzzi.com\/blog\/wp-content\/uploads\/2012\/04\/DSC5351.jpg\" alt=\"\" width=\"800\" height=\"531\" \/><img loading=\"lazy\" class=\"pp-insert-all size-full aligncenter\" src=\"http:\/\/martinobuzzi.com\/blog\/wp-content\/uploads\/2012\/04\/DSC5356.jpg\" alt=\"\" width=\"800\" height=\"533\" \/><img loading=\"lazy\" class=\"pp-insert-all size-full aligncenter\" src=\"http:\/\/martinobuzzi.com\/blog\/wp-content\/uploads\/2012\/04\/DSC5367.jpg\" alt=\"\" width=\"800\" height=\"531\" \/><img loading=\"lazy\" class=\"pp-insert-all size-full aligncenter\" src=\"http:\/\/martinobuzzi.com\/blog\/wp-content\/uploads\/2012\/04\/DSC5369.jpg\" alt=\"\" width=\"531\" height=\"800\" \/><img loading=\"lazy\" class=\"pp-insert-all size-full aligncenter\" src=\"http:\/\/martinobuzzi.com\/blog\/wp-content\/uploads\/2012\/04\/DSC5370.jpg\" alt=\"\" width=\"800\" height=\"531\" \/><img loading=\"lazy\" class=\"pp-insert-all size-full aligncenter\" src=\"http:\/\/martinobuzzi.com\/blog\/wp-content\/uploads\/2012\/04\/DSC5373.jpg\" alt=\"\" width=\"800\" height=\"531\" \/><img loading=\"lazy\" class=\"pp-insert-all size-full aligncenter\" src=\"http:\/\/martinobuzzi.com\/blog\/wp-content\/uploads\/2012\/04\/DSC5394.jpg\" alt=\"\" width=\"800\" height=\"531\" \/><\/p>\n<p>&nbsp;<\/p>\n","protected":false},"excerpt":{"rendered":"<p>Esta es la cuidad donde nac\u00ed. Cada vez que visito Milano los recuerdos de mi infancia vuelven a mi mente mezclados con las impresiones nuevas de una cuidad que va cambiando. Si tuviese que elegir un color para Milano seria el gris. Gris como la niebla que aparece por las ma\u00f1anas en invierno, gris como [&hellip;]<\/p>\n","protected":false},"author":1,"featured_media":141,"comment_status":"open","ping_status":"open","sticky":false,"template":"","format":"standard","meta":[],"categories":[9],"tags":[13,11,10,12],"_links":{"self":[{"href":"http:\/\/martinobuzzi.com\/blog\/wp-json\/wp\/v2\/posts\/135"}],"collection":[{"href":"http:\/\/martinobuzzi.com\/blog\/wp-json\/wp\/v2\/posts"}],"about":[{"href":"http:\/\/martinobuzzi.com\/blog\/wp-json\/wp\/v2\/types\/post"}],"author":[{"embeddable":true,"href":"http:\/\/martinobuzzi.com\/blog\/wp-json\/wp\/v2\/users\/1"}],"replies":[{"embeddable":true,"href":"http:\/\/martinobuzzi.com\/blog\/wp-json\/wp\/v2\/comments?post=135"}],"version-history":[{"count":3,"href":"http:\/\/martinobuzzi.com\/blog\/wp-json\/wp\/v2\/posts\/135\/revisions"}],"predecessor-version":[{"id":145,"href":"http:\/\/martinobuzzi.com\/blog\/wp-json\/wp\/v2\/posts\/135\/revisions\/145"}],"wp:featuredmedia":[{"embeddable":true,"href":"http:\/\/martinobuzzi.com\/blog\/wp-json\/wp\/v2\/media\/141"}],"wp:attachment":[{"href":"http:\/\/martinobuzzi.com\/blog\/wp-json\/wp\/v2\/media?parent=135"}],"wp:term":[{"taxonomy":"category","embeddable":true,"href":"http:\/\/martinobuzzi.com\/blog\/wp-json\/wp\/v2\/categories?post=135"},{"taxonomy":"post_tag","embeddable":true,"href":"http:\/\/martinobuzzi.com\/blog\/wp-json\/wp\/v2\/tags?post=135"}],"curies":[{"name":"wp","href":"https:\/\/api.w.org\/{rel}","templated":true}]}}