{"id":1021,"date":"2019-03-27T20:54:41","date_gmt":"2019-03-27T20:54:41","guid":{"rendered":"http:\/\/martinobuzzi.com\/blog\/?p=1021"},"modified":"2019-03-27T20:54:41","modified_gmt":"2019-03-27T20:54:41","slug":"correfoc-els-demoni-de-valencia","status":"publish","type":"post","link":"http:\/\/martinobuzzi.com\/blog\/correfoc-els-demoni-de-valencia\/","title":{"rendered":"Correfoc, els Demoni de Valencia"},"content":{"rendered":"<p>Podr\u00eda contar de como escuch\u00e9 el ruido de los fuegos artificiales, como truenos anunciando el comienzo de las fallas. Y de como luego vi la procesi\u00f3n de la anti-falla de los anarquistas del centro social Huerta, con los demonios lanzando fuego a su cabeza.<\/p>\n<p>O quiz\u00e1s deber\u00eda empezar contando como esta tradici\u00f3n es una de las cosas que me gustan de mi ciudad, Valencia. De como esta puesta en escena recuerda antiguos y at\u00e1vicos instintos del ser humano en su fase m\u00e1s medieval y alqu\u00edmica.<\/p>\n<p>Podr\u00eda incluso contar de como sal\u00ed corriendo, sin pensarlo. Agarrando la c\u00e1mara que ten\u00eda preparada y lanz\u00e1ndome al descubrimiento de un evento fuera de lo imaginable. Una zona tempor\u00e1neamente aut\u00f3noma. TAZ<\/p>\n<p>Durante unos largos quince minutos fue siguiendo la procesi\u00f3n, tratando de acercarme a los demonios que andaban fuego por todos lados. Los Correfoocs, hombres disfrazados de diablos que animan los ni\u00f1os a pasar debajo de sus cascadas de fuego.<\/p>\n<p>Corren r\u00e1pido para evitar que la gente se ponga alrededor de ellos. Para minimizar el riesgo y crear esta sensaci\u00f3n de chispa, rel\u00e1mpago. Sus disfraces completan la sugesti\u00f3n. Evocando un pasado de brujer\u00edas y mundos m\u00e1gicos.<\/p>\n<p>Pero quiz\u00e1s todo esto no sirva, quiz\u00e1s sea mejor que deje hablar las im\u00e1genes.<\/p>\n<p>&nbsp;<\/p>\n<p><img loading=\"lazy\" class=\"alignnone size-full wp-image-1022\" src=\"http:\/\/martinobuzzi.com\/blog\/wp-content\/uploads\/2019\/03\/correfoc-valencia-1.jpg\" alt=\"\" width=\"1200\" height=\"800\" srcset=\"http:\/\/martinobuzzi.com\/blog\/wp-content\/uploads\/2019\/03\/correfoc-valencia-1.jpg 1200w, http:\/\/martinobuzzi.com\/blog\/wp-content\/uploads\/2019\/03\/correfoc-valencia-1-300x200.jpg 300w, http:\/\/martinobuzzi.com\/blog\/wp-content\/uploads\/2019\/03\/correfoc-valencia-1-768x512.jpg 768w, http:\/\/martinobuzzi.com\/blog\/wp-content\/uploads\/2019\/03\/correfoc-valencia-1-900x600.jpg 900w\" sizes=\"(max-width: 1200px) 100vw, 1200px\" \/> <img loading=\"lazy\" class=\"alignnone size-full wp-image-1023\" src=\"http:\/\/martinobuzzi.com\/blog\/wp-content\/uploads\/2019\/03\/correfoc-valencia-2.jpg\" alt=\"\" width=\"1200\" height=\"800\" srcset=\"http:\/\/martinobuzzi.com\/blog\/wp-content\/uploads\/2019\/03\/correfoc-valencia-2.jpg 1200w, http:\/\/martinobuzzi.com\/blog\/wp-content\/uploads\/2019\/03\/correfoc-valencia-2-300x200.jpg 300w, http:\/\/martinobuzzi.com\/blog\/wp-content\/uploads\/2019\/03\/correfoc-valencia-2-768x512.jpg 768w, http:\/\/martinobuzzi.com\/blog\/wp-content\/uploads\/2019\/03\/correfoc-valencia-2-900x600.jpg 900w\" sizes=\"(max-width: 1200px) 100vw, 1200px\" \/> <img loading=\"lazy\" class=\"alignnone size-full wp-image-1024\" src=\"http:\/\/martinobuzzi.com\/blog\/wp-content\/uploads\/2019\/03\/correfoc-valencia-3.jpg\" alt=\"\" width=\"1200\" height=\"800\" srcset=\"http:\/\/martinobuzzi.com\/blog\/wp-content\/uploads\/2019\/03\/correfoc-valencia-3.jpg 1200w, http:\/\/martinobuzzi.com\/blog\/wp-content\/uploads\/2019\/03\/correfoc-valencia-3-300x200.jpg 300w, http:\/\/martinobuzzi.com\/blog\/wp-content\/uploads\/2019\/03\/correfoc-valencia-3-768x512.jpg 768w, http:\/\/martinobuzzi.com\/blog\/wp-content\/uploads\/2019\/03\/correfoc-valencia-3-900x600.jpg 900w\" sizes=\"(max-width: 1200px) 100vw, 1200px\" \/> <img loading=\"lazy\" class=\"alignnone size-full wp-image-1025\" src=\"http:\/\/martinobuzzi.com\/blog\/wp-content\/uploads\/2019\/03\/correfoc-valencia-4.jpg\" alt=\"\" width=\"1200\" height=\"800\" srcset=\"http:\/\/martinobuzzi.com\/blog\/wp-content\/uploads\/2019\/03\/correfoc-valencia-4.jpg 1200w, http:\/\/martinobuzzi.com\/blog\/wp-content\/uploads\/2019\/03\/correfoc-valencia-4-300x200.jpg 300w, http:\/\/martinobuzzi.com\/blog\/wp-content\/uploads\/2019\/03\/correfoc-valencia-4-768x512.jpg 768w, http:\/\/martinobuzzi.com\/blog\/wp-content\/uploads\/2019\/03\/correfoc-valencia-4-900x600.jpg 900w\" sizes=\"(max-width: 1200px) 100vw, 1200px\" \/> <img loading=\"lazy\" class=\"alignnone size-full wp-image-1026\" src=\"http:\/\/martinobuzzi.com\/blog\/wp-content\/uploads\/2019\/03\/correfoc-valencia-5.jpg\" alt=\"\" width=\"1200\" height=\"800\" srcset=\"http:\/\/martinobuzzi.com\/blog\/wp-content\/uploads\/2019\/03\/correfoc-valencia-5.jpg 1200w, http:\/\/martinobuzzi.com\/blog\/wp-content\/uploads\/2019\/03\/correfoc-valencia-5-300x200.jpg 300w, http:\/\/martinobuzzi.com\/blog\/wp-content\/uploads\/2019\/03\/correfoc-valencia-5-768x512.jpg 768w, http:\/\/martinobuzzi.com\/blog\/wp-content\/uploads\/2019\/03\/correfoc-valencia-5-900x600.jpg 900w\" sizes=\"(max-width: 1200px) 100vw, 1200px\" \/> <img loading=\"lazy\" class=\"alignnone size-full wp-image-1027\" src=\"http:\/\/martinobuzzi.com\/blog\/wp-content\/uploads\/2019\/03\/correfoc-valencia-6.jpg\" alt=\"\" width=\"1200\" height=\"800\" srcset=\"http:\/\/martinobuzzi.com\/blog\/wp-content\/uploads\/2019\/03\/correfoc-valencia-6.jpg 1200w, http:\/\/martinobuzzi.com\/blog\/wp-content\/uploads\/2019\/03\/correfoc-valencia-6-300x200.jpg 300w, http:\/\/martinobuzzi.com\/blog\/wp-content\/uploads\/2019\/03\/correfoc-valencia-6-768x512.jpg 768w, http:\/\/martinobuzzi.com\/blog\/wp-content\/uploads\/2019\/03\/correfoc-valencia-6-900x600.jpg 900w\" sizes=\"(max-width: 1200px) 100vw, 1200px\" \/> <img loading=\"lazy\" class=\"alignnone size-full wp-image-1028\" src=\"http:\/\/martinobuzzi.com\/blog\/wp-content\/uploads\/2019\/03\/correfoc-valencia-7.jpg\" alt=\"\" width=\"1200\" height=\"800\" srcset=\"http:\/\/martinobuzzi.com\/blog\/wp-content\/uploads\/2019\/03\/correfoc-valencia-7.jpg 1200w, http:\/\/martinobuzzi.com\/blog\/wp-content\/uploads\/2019\/03\/correfoc-valencia-7-300x200.jpg 300w, http:\/\/martinobuzzi.com\/blog\/wp-content\/uploads\/2019\/03\/correfoc-valencia-7-768x512.jpg 768w, http:\/\/martinobuzzi.com\/blog\/wp-content\/uploads\/2019\/03\/correfoc-valencia-7-900x600.jpg 900w\" sizes=\"(max-width: 1200px) 100vw, 1200px\" \/> <img loading=\"lazy\" class=\"alignnone size-full wp-image-1029\" src=\"http:\/\/martinobuzzi.com\/blog\/wp-content\/uploads\/2019\/03\/correfoc-valencia-8.jpg\" alt=\"\" width=\"1200\" height=\"800\" srcset=\"http:\/\/martinobuzzi.com\/blog\/wp-content\/uploads\/2019\/03\/correfoc-valencia-8.jpg 1200w, http:\/\/martinobuzzi.com\/blog\/wp-content\/uploads\/2019\/03\/correfoc-valencia-8-300x200.jpg 300w, http:\/\/martinobuzzi.com\/blog\/wp-content\/uploads\/2019\/03\/correfoc-valencia-8-768x512.jpg 768w, http:\/\/martinobuzzi.com\/blog\/wp-content\/uploads\/2019\/03\/correfoc-valencia-8-900x600.jpg 900w\" sizes=\"(max-width: 1200px) 100vw, 1200px\" \/> <img loading=\"lazy\" class=\"alignnone size-full wp-image-1030\" src=\"http:\/\/martinobuzzi.com\/blog\/wp-content\/uploads\/2019\/03\/correfoc-valencia-9.jpg\" alt=\"\" width=\"1200\" height=\"800\" srcset=\"http:\/\/martinobuzzi.com\/blog\/wp-content\/uploads\/2019\/03\/correfoc-valencia-9.jpg 1200w, http:\/\/martinobuzzi.com\/blog\/wp-content\/uploads\/2019\/03\/correfoc-valencia-9-300x200.jpg 300w, http:\/\/martinobuzzi.com\/blog\/wp-content\/uploads\/2019\/03\/correfoc-valencia-9-768x512.jpg 768w, http:\/\/martinobuzzi.com\/blog\/wp-content\/uploads\/2019\/03\/correfoc-valencia-9-900x600.jpg 900w\" sizes=\"(max-width: 1200px) 100vw, 1200px\" \/> <img loading=\"lazy\" class=\"alignnone size-full wp-image-1031\" src=\"http:\/\/martinobuzzi.com\/blog\/wp-content\/uploads\/2019\/03\/correfoc-valencia-10.jpg\" alt=\"\" width=\"1200\" height=\"800\" srcset=\"http:\/\/martinobuzzi.com\/blog\/wp-content\/uploads\/2019\/03\/correfoc-valencia-10.jpg 1200w, http:\/\/martinobuzzi.com\/blog\/wp-content\/uploads\/2019\/03\/correfoc-valencia-10-300x200.jpg 300w, http:\/\/martinobuzzi.com\/blog\/wp-content\/uploads\/2019\/03\/correfoc-valencia-10-768x512.jpg 768w, http:\/\/martinobuzzi.com\/blog\/wp-content\/uploads\/2019\/03\/correfoc-valencia-10-900x600.jpg 900w\" sizes=\"(max-width: 1200px) 100vw, 1200px\" \/><\/p>\n","protected":false},"excerpt":{"rendered":"<p>Podr\u00eda contar de como escuch\u00e9 el ruido de los fuegos artificiales, como truenos anunciando el comienzo de las fallas. Y de como luego vi la procesi\u00f3n de la anti-falla de los anarquistas del centro social Huerta, con los demonios lanzando fuego a su cabeza. O quiz\u00e1s deber\u00eda empezar contando como esta tradici\u00f3n es una de [&hellip;]<\/p>\n","protected":false},"author":1,"featured_media":1024,"comment_status":"open","ping_status":"open","sticky":false,"template":"","format":"standard","meta":[],"categories":[3],"tags":[47],"_links":{"self":[{"href":"http:\/\/martinobuzzi.com\/blog\/wp-json\/wp\/v2\/posts\/1021"}],"collection":[{"href":"http:\/\/martinobuzzi.com\/blog\/wp-json\/wp\/v2\/posts"}],"about":[{"href":"http:\/\/martinobuzzi.com\/blog\/wp-json\/wp\/v2\/types\/post"}],"author":[{"embeddable":true,"href":"http:\/\/martinobuzzi.com\/blog\/wp-json\/wp\/v2\/users\/1"}],"replies":[{"embeddable":true,"href":"http:\/\/martinobuzzi.com\/blog\/wp-json\/wp\/v2\/comments?post=1021"}],"version-history":[{"count":2,"href":"http:\/\/martinobuzzi.com\/blog\/wp-json\/wp\/v2\/posts\/1021\/revisions"}],"predecessor-version":[{"id":1033,"href":"http:\/\/martinobuzzi.com\/blog\/wp-json\/wp\/v2\/posts\/1021\/revisions\/1033"}],"wp:featuredmedia":[{"embeddable":true,"href":"http:\/\/martinobuzzi.com\/blog\/wp-json\/wp\/v2\/media\/1024"}],"wp:attachment":[{"href":"http:\/\/martinobuzzi.com\/blog\/wp-json\/wp\/v2\/media?parent=1021"}],"wp:term":[{"taxonomy":"category","embeddable":true,"href":"http:\/\/martinobuzzi.com\/blog\/wp-json\/wp\/v2\/categories?post=1021"},{"taxonomy":"post_tag","embeddable":true,"href":"http:\/\/martinobuzzi.com\/blog\/wp-json\/wp\/v2\/tags?post=1021"}],"curies":[{"name":"wp","href":"https:\/\/api.w.org\/{rel}","templated":true}]}}