{"id":1011,"date":"2019-02-17T18:21:20","date_gmt":"2019-02-17T18:21:20","guid":{"rendered":"http:\/\/martinobuzzi.com\/blog\/?p=1011"},"modified":"2019-02-17T18:21:20","modified_gmt":"2019-02-17T18:21:20","slug":"aturem-el-pai-benimaclet","status":"publish","type":"post","link":"http:\/\/martinobuzzi.com\/blog\/aturem-el-pai-benimaclet\/","title":{"rendered":"Aturem el Pai &#8211; Benimaclet"},"content":{"rendered":"<p><img loading=\"lazy\" class=\"alignnone size-full wp-image-1012\" src=\"http:\/\/martinobuzzi.com\/blog\/wp-content\/uploads\/2019\/02\/aturem-el-pai-1.jpg\" alt=\"benimaclet manifestaci\u00f3n\" width=\"1200\" height=\"800\" srcset=\"http:\/\/martinobuzzi.com\/blog\/wp-content\/uploads\/2019\/02\/aturem-el-pai-1.jpg 1200w, http:\/\/martinobuzzi.com\/blog\/wp-content\/uploads\/2019\/02\/aturem-el-pai-1-300x200.jpg 300w, http:\/\/martinobuzzi.com\/blog\/wp-content\/uploads\/2019\/02\/aturem-el-pai-1-768x512.jpg 768w, http:\/\/martinobuzzi.com\/blog\/wp-content\/uploads\/2019\/02\/aturem-el-pai-1-900x600.jpg 900w\" sizes=\"(max-width: 1200px) 100vw, 1200px\" \/> <img loading=\"lazy\" class=\"alignnone size-full wp-image-1013\" src=\"http:\/\/martinobuzzi.com\/blog\/wp-content\/uploads\/2019\/02\/aturem-el-pai-2.jpg\" alt=\"\" width=\"1200\" height=\"800\" srcset=\"http:\/\/martinobuzzi.com\/blog\/wp-content\/uploads\/2019\/02\/aturem-el-pai-2.jpg 1200w, http:\/\/martinobuzzi.com\/blog\/wp-content\/uploads\/2019\/02\/aturem-el-pai-2-300x200.jpg 300w, http:\/\/martinobuzzi.com\/blog\/wp-content\/uploads\/2019\/02\/aturem-el-pai-2-768x512.jpg 768w, http:\/\/martinobuzzi.com\/blog\/wp-content\/uploads\/2019\/02\/aturem-el-pai-2-900x600.jpg 900w\" sizes=\"(max-width: 1200px) 100vw, 1200px\" \/> <img loading=\"lazy\" class=\"alignnone size-full wp-image-1014\" src=\"http:\/\/martinobuzzi.com\/blog\/wp-content\/uploads\/2019\/02\/aturem-el-pai-3.jpg\" alt=\"\" width=\"1200\" height=\"800\" srcset=\"http:\/\/martinobuzzi.com\/blog\/wp-content\/uploads\/2019\/02\/aturem-el-pai-3.jpg 1200w, http:\/\/martinobuzzi.com\/blog\/wp-content\/uploads\/2019\/02\/aturem-el-pai-3-300x200.jpg 300w, http:\/\/martinobuzzi.com\/blog\/wp-content\/uploads\/2019\/02\/aturem-el-pai-3-768x512.jpg 768w, http:\/\/martinobuzzi.com\/blog\/wp-content\/uploads\/2019\/02\/aturem-el-pai-3-900x600.jpg 900w\" sizes=\"(max-width: 1200px) 100vw, 1200px\" \/> <img loading=\"lazy\" class=\"alignnone size-full wp-image-1015\" src=\"http:\/\/martinobuzzi.com\/blog\/wp-content\/uploads\/2019\/02\/aturem-el-pai-4.jpg\" alt=\"\" width=\"1200\" height=\"800\" srcset=\"http:\/\/martinobuzzi.com\/blog\/wp-content\/uploads\/2019\/02\/aturem-el-pai-4.jpg 1200w, http:\/\/martinobuzzi.com\/blog\/wp-content\/uploads\/2019\/02\/aturem-el-pai-4-300x200.jpg 300w, http:\/\/martinobuzzi.com\/blog\/wp-content\/uploads\/2019\/02\/aturem-el-pai-4-768x512.jpg 768w, http:\/\/martinobuzzi.com\/blog\/wp-content\/uploads\/2019\/02\/aturem-el-pai-4-900x600.jpg 900w\" sizes=\"(max-width: 1200px) 100vw, 1200px\" \/> <img loading=\"lazy\" class=\"alignnone size-full wp-image-1016\" src=\"http:\/\/martinobuzzi.com\/blog\/wp-content\/uploads\/2019\/02\/aturem-el-pai-5.jpg\" alt=\"manifestaci\u00f3n aturem el pai\" width=\"1200\" height=\"800\" srcset=\"http:\/\/martinobuzzi.com\/blog\/wp-content\/uploads\/2019\/02\/aturem-el-pai-5.jpg 1200w, http:\/\/martinobuzzi.com\/blog\/wp-content\/uploads\/2019\/02\/aturem-el-pai-5-300x200.jpg 300w, http:\/\/martinobuzzi.com\/blog\/wp-content\/uploads\/2019\/02\/aturem-el-pai-5-768x512.jpg 768w, http:\/\/martinobuzzi.com\/blog\/wp-content\/uploads\/2019\/02\/aturem-el-pai-5-900x600.jpg 900w\" sizes=\"(max-width: 1200px) 100vw, 1200px\" \/> <img loading=\"lazy\" class=\"alignnone size-full wp-image-1017\" src=\"http:\/\/martinobuzzi.com\/blog\/wp-content\/uploads\/2019\/02\/aturem-el-pai-6.jpg\" alt=\"\" width=\"1200\" height=\"800\" srcset=\"http:\/\/martinobuzzi.com\/blog\/wp-content\/uploads\/2019\/02\/aturem-el-pai-6.jpg 1200w, http:\/\/martinobuzzi.com\/blog\/wp-content\/uploads\/2019\/02\/aturem-el-pai-6-300x200.jpg 300w, http:\/\/martinobuzzi.com\/blog\/wp-content\/uploads\/2019\/02\/aturem-el-pai-6-768x512.jpg 768w, http:\/\/martinobuzzi.com\/blog\/wp-content\/uploads\/2019\/02\/aturem-el-pai-6-900x600.jpg 900w\" sizes=\"(max-width: 1200px) 100vw, 1200px\" \/> <img loading=\"lazy\" class=\"alignnone size-full wp-image-1018\" src=\"http:\/\/martinobuzzi.com\/blog\/wp-content\/uploads\/2019\/02\/aturem-el-pai-7.jpg\" alt=\"benimaclet valencia manifestaci\u00f3n aturem el pai\" width=\"1200\" height=\"800\" srcset=\"http:\/\/martinobuzzi.com\/blog\/wp-content\/uploads\/2019\/02\/aturem-el-pai-7.jpg 1200w, http:\/\/martinobuzzi.com\/blog\/wp-content\/uploads\/2019\/02\/aturem-el-pai-7-300x200.jpg 300w, http:\/\/martinobuzzi.com\/blog\/wp-content\/uploads\/2019\/02\/aturem-el-pai-7-768x512.jpg 768w, http:\/\/martinobuzzi.com\/blog\/wp-content\/uploads\/2019\/02\/aturem-el-pai-7-900x600.jpg 900w\" sizes=\"(max-width: 1200px) 100vw, 1200px\" \/><\/p>\n<p>&nbsp;<\/p>\n<p>El barrio de Benimaclet sale a la calle para manifestarse en contra del PAI. Cientos de personas desfilan para pedir que el barrio siga en armon\u00eda con su entorno, la huerta valenciana. El PAI propuesto planifica la construcci\u00f3n de 1345 viviendas con edificios de hasta 30 alturas. Un acci\u00f3n urban\u00edstica pensada para la especulaci\u00f3n sin tener en cuenta la realidad del barrio.<\/p>\n<p>Benimaclet es un barrio de la zona norte este de Valencia. Ha sido tradicionalmente un pueblo independiente de trabajadores de la huerta. Hoy en d\u00eda es un lugar donde conviven diferentes realidades en armon\u00eda con el entorno.<\/p>\n","protected":false},"excerpt":{"rendered":"<p>&nbsp; El barrio de Benimaclet sale a la calle para manifestarse en contra del PAI. Cientos de personas desfilan para pedir que el barrio siga en armon\u00eda con su entorno, la huerta valenciana. El PAI propuesto planifica la construcci\u00f3n de 1345 viviendas con edificios de hasta 30 alturas. Un acci\u00f3n urban\u00edstica pensada para la especulaci\u00f3n [&hellip;]<\/p>\n","protected":false},"author":1,"featured_media":1018,"comment_status":"open","ping_status":"open","sticky":false,"template":"","format":"standard","meta":[],"categories":[3],"tags":[42],"_links":{"self":[{"href":"http:\/\/martinobuzzi.com\/blog\/wp-json\/wp\/v2\/posts\/1011"}],"collection":[{"href":"http:\/\/martinobuzzi.com\/blog\/wp-json\/wp\/v2\/posts"}],"about":[{"href":"http:\/\/martinobuzzi.com\/blog\/wp-json\/wp\/v2\/types\/post"}],"author":[{"embeddable":true,"href":"http:\/\/martinobuzzi.com\/blog\/wp-json\/wp\/v2\/users\/1"}],"replies":[{"embeddable":true,"href":"http:\/\/martinobuzzi.com\/blog\/wp-json\/wp\/v2\/comments?post=1011"}],"version-history":[{"count":1,"href":"http:\/\/martinobuzzi.com\/blog\/wp-json\/wp\/v2\/posts\/1011\/revisions"}],"predecessor-version":[{"id":1019,"href":"http:\/\/martinobuzzi.com\/blog\/wp-json\/wp\/v2\/posts\/1011\/revisions\/1019"}],"wp:featuredmedia":[{"embeddable":true,"href":"http:\/\/martinobuzzi.com\/blog\/wp-json\/wp\/v2\/media\/1018"}],"wp:attachment":[{"href":"http:\/\/martinobuzzi.com\/blog\/wp-json\/wp\/v2\/media?parent=1011"}],"wp:term":[{"taxonomy":"category","embeddable":true,"href":"http:\/\/martinobuzzi.com\/blog\/wp-json\/wp\/v2\/categories?post=1011"},{"taxonomy":"post_tag","embeddable":true,"href":"http:\/\/martinobuzzi.com\/blog\/wp-json\/wp\/v2\/tags?post=1011"}],"curies":[{"name":"wp","href":"https:\/\/api.w.org\/{rel}","templated":true}]}}